{"id":9398,"date":"2018-10-31T18:39:45","date_gmt":"2018-10-31T21:39:45","guid":{"rendered":"https:\/\/blogs2.correiobraziliense.com.br\/vicente\/?p=9398"},"modified":"2018-10-31T18:59:12","modified_gmt":"2018-10-31T21:59:12","slug":"cotado-para-equipe-de-bolsonaro-alexandre-ywata-foi-nomeado-para-a-funpresp","status":"publish","type":"post","link":"https:\/\/blogs2.correiobraziliense.com.br\/vicente\/cotado-para-equipe-de-bolsonaro-alexandre-ywata-foi-nomeado-para-a-funpresp\/","title":{"rendered":"Cotado para equipe de Bolsonaro, Alexandre Ywata foi nomeado para a Funpresp"},"content":{"rendered":"<p>Nome praticamente certo para a equipe econ\u00f4mica de Jair Bolsonaro, o economista Alexandre Ywata foi nomeado, em 16 de outubro \u00faltimo, entre o primeiro e o segundo turno das elei\u00e7\u00f5es, assessor especial da Funpresp-Exe, o fundo de pens\u00e3o dos servidores federais.<\/p>\n<p>&nbsp;<\/p>\n<p><a href=\"https:\/\/blogs2.correiobraziliense.com.br\/vicente\/wp-content\/uploads\/sites\/16\/2018\/10\/Ywata.png\"><img loading=\"lazy\" decoding=\"async\" class=\"alignnone size-full wp-image-9399\" src=\"https:\/\/blogs2.correiobraziliense.com.br\/vicente\/wp-content\/uploads\/sites\/16\/2018\/10\/Ywata.png\" alt=\"\" width=\"793\" height=\"818\" srcset=\"https:\/\/blogs2.correiobraziliense.com.br\/vicente\/wp-content\/uploads\/sites\/16\/2018\/10\/Ywata.png 793w, https:\/\/blogs2.correiobraziliense.com.br\/vicente\/wp-content\/uploads\/sites\/16\/2018\/10\/Ywata-291x300.png 291w, https:\/\/blogs2.correiobraziliense.com.br\/vicente\/wp-content\/uploads\/sites\/16\/2018\/10\/Ywata-768x792.png 768w, https:\/\/blogs2.correiobraziliense.com.br\/vicente\/wp-content\/uploads\/sites\/16\/2018\/10\/Ywata-339x350.png 339w, https:\/\/blogs2.correiobraziliense.com.br\/vicente\/wp-content\/uploads\/sites\/16\/2018\/10\/Ywata-550x567.png 550w, https:\/\/blogs2.correiobraziliense.com.br\/vicente\/wp-content\/uploads\/sites\/16\/2018\/10\/Ywata-230x237.png 230w\" sizes=\"auto, (max-width: 793px) 100vw, 793px\" \/><\/a><\/p>\n<p>&nbsp;<\/p>\n<p>Ywata, que \u00e9 funcion\u00e1rio de carreira do Instituto de Pesquisa Econ\u00f4mica Aplicada (Ipea), est\u00e1 ocupando o cargo comissionado de gerente de cadastro da Funpresp. Ele \u00e9 apontado como um t\u00e9cnico muito conceituado, dizem integrantes do governo.<\/p>\n<p>&nbsp;<\/p>\n<p>Outro cotado para a equipe de Bolsonaro \u00e9 Afonso Sachsida, substituto de Ywata no Ipea. Os dois s\u00e3o muito ligados e devem ser anunciados para a equipe de transi\u00e7\u00e3o nos pr\u00f3ximos dias, segundo assessores do presidente eleito.<\/p>\n<p>&nbsp;<\/p>\n<p>A amigos, Ywata diz que est\u00e1 trabalhando normalmente, e que, at\u00e9 agora, nenhum convite formal da equipe de Bolsonaro chegou at\u00e9 ele. Mas o nome dele \u00e9 apontado como certo no time comandado pelo economista Paulo Guedes, que ser\u00e1 um superministro da Economia.<\/p>\n<p>&nbsp;<\/p>\n<p><em>Bras\u00edlia, 18h39min<\/em><\/p>\n","protected":false},"excerpt":{"rendered":"<p>Nome praticamente certo para a equipe econ\u00f4mica de Jair Bolsonaro, o economista Alexandre Ywata foi nomeado, em 16 de outubro \u00faltimo, entre o primeiro e o segundo turno das elei\u00e7\u00f5es, assessor especial da Funpresp-Exe, o fundo de pens\u00e3o dos servidores federais. &nbsp; &nbsp; Ywata, que \u00e9 funcion\u00e1rio de carreira do Instituto de Pesquisa Econ\u00f4mica Aplicada [&hellip;]<\/p>\n","protected":false},"author":22,"featured_media":0,"comment_status":"open","ping_status":"closed","sticky":false,"template":"","format":"standard","meta":{"wpb_read_more":[],"footnotes":""},"categories":[600],"tags":[],"class_list":["post-9398","post","type-post","status-publish","format-standard","hentry","category-economia"],"_links":{"self":[{"href":"https:\/\/blogs2.correiobraziliense.com.br\/vicente\/wp-json\/wp\/v2\/posts\/9398","targetHints":{"allow":["GET"]}}],"collection":[{"href":"https:\/\/blogs2.correiobraziliense.com.br\/vicente\/wp-json\/wp\/v2\/posts"}],"about":[{"href":"https:\/\/blogs2.correiobraziliense.com.br\/vicente\/wp-json\/wp\/v2\/types\/post"}],"author":[{"embeddable":true,"href":"https:\/\/blogs2.correiobraziliense.com.br\/vicente\/wp-json\/wp\/v2\/users\/22"}],"replies":[{"embeddable":true,"href":"https:\/\/blogs2.correiobraziliense.com.br\/vicente\/wp-json\/wp\/v2\/comments?post=9398"}],"version-history":[{"count":1,"href":"https:\/\/blogs2.correiobraziliense.com.br\/vicente\/wp-json\/wp\/v2\/posts\/9398\/revisions"}],"predecessor-version":[{"id":9400,"href":"https:\/\/blogs2.correiobraziliense.com.br\/vicente\/wp-json\/wp\/v2\/posts\/9398\/revisions\/9400"}],"wp:attachment":[{"href":"https:\/\/blogs2.correiobraziliense.com.br\/vicente\/wp-json\/wp\/v2\/media?parent=9398"}],"wp:term":[{"taxonomy":"category","embeddable":true,"href":"https:\/\/blogs2.correiobraziliense.com.br\/vicente\/wp-json\/wp\/v2\/categories?post=9398"},{"taxonomy":"post_tag","embeddable":true,"href":"https:\/\/blogs2.correiobraziliense.com.br\/vicente\/wp-json\/wp\/v2\/tags?post=9398"}],"curies":[{"name":"wp","href":"https:\/\/api.w.org\/{rel}","templated":true}]}}