{"id":9401,"date":"2018-10-31T20:13:45","date_gmt":"2018-10-31T23:13:45","guid":{"rendered":"https:\/\/blogs2.correiobraziliense.com.br\/vicente\/?p=9401"},"modified":"2018-10-31T22:56:14","modified_gmt":"2018-11-01T01:56:14","slug":"marcos-troyjo-rubem-novaes-e-carlos-von-doellinger-estao-na-equipe-de-transicao","status":"publish","type":"post","link":"https:\/\/blogs2.correiobraziliense.com.br\/vicente\/marcos-troyjo-rubem-novaes-e-carlos-von-doellinger-estao-na-equipe-de-transicao\/","title":{"rendered":"Marcos Troyjo, Rubem Novaes e Carlos Von Doellinger est\u00e3o na equipe de transi\u00e7\u00e3o"},"content":{"rendered":"<p>Ser\u00e3o publicados na edi\u00e7\u00e3o desta quinta-feira (01\/11) do Di\u00e1rio Oficial da Uni\u00e3o (DOU) os nomes dos 22 indicados pelo presidente eleito Jair Bolsonaro para a equipe de transi\u00e7\u00e3o de governo. Todos foram escolhidos por Paulo Guedes, que ser\u00e1 o superministro da Economia:<\/p>\n<p>&nbsp;<\/p>\n<p>Marcos Troyjo, professor da Columbia University, em Nova York;<\/p>\n<p>Rubem Novaes, ex-diretor do Banco Nacional de Desenvolvimento Econ\u00f4mico e Social (BNDES) e doutor em economia pela Universidade de Chicago;<\/p>\n<p>Carlos Von Doellinger, economista da Universidade Federal do Rio de Janeiro (UFRJ);<\/p>\n<p>Alexandre Ywata, funcion\u00e1rio de carreira do Instituto de Pesquisa Econ\u00f4mica Aplicada (Ipea), hoje na Funpresp-Exe;<\/p>\n<p>Adolfo Sachsida, funcion\u00e1rio do Instituto de Pesquisa Econ\u00f4mica Aplicada (Ipea);<\/p>\n<p>Marcos Cintra,\u00a0mestre em economia por Harvard;<\/p>\n<p>Carlos da Costa,\u00a0doutor em economia pela Universidade de Chicago e ex-diretor do BNDES;<\/p>\n<p>Roberto Castello Branco, doutor em economia pela Funda\u00e7\u00e3o Get\u00falio Vargas, ex-diretor do Banco Central e da Vale;<\/p>\n<p>Abraham Weintraub, economista da Universidade de S\u00e3o Paulo (USP) e professor da Unifesp;<\/p>\n<p>Arthur Weintraub,\u00a0professor de Direito Previdenci\u00e1rio e de Direito Atuarial da Unifesp;<\/p>\n<p>Waldery Rodrigues J\u00fanior,\u00a0mestre em Economia pela Universidade de Michigan e doutor em Economia pela Universidade de Bras\u00edlia (UnB).<\/p>\n<p>&nbsp;<\/p>\n<p><em>Bras\u00edlia, 20h13min<\/em><\/p>\n","protected":false},"excerpt":{"rendered":"<p>Ser\u00e3o publicados na edi\u00e7\u00e3o desta quinta-feira (01\/11) do Di\u00e1rio Oficial da Uni\u00e3o (DOU) os nomes dos 22 indicados pelo presidente eleito Jair Bolsonaro para a equipe de transi\u00e7\u00e3o de governo. Todos foram escolhidos por Paulo Guedes, que ser\u00e1 o superministro da Economia: &nbsp; Marcos Troyjo, professor da Columbia University, em Nova York; Rubem Novaes, ex-diretor [&hellip;]<\/p>\n","protected":false},"author":22,"featured_media":0,"comment_status":"open","ping_status":"closed","sticky":false,"template":"","format":"standard","meta":{"wpb_read_more":[],"footnotes":""},"categories":[600],"tags":[],"class_list":["post-9401","post","type-post","status-publish","format-standard","hentry","category-economia"],"_links":{"self":[{"href":"https:\/\/blogs2.correiobraziliense.com.br\/vicente\/wp-json\/wp\/v2\/posts\/9401","targetHints":{"allow":["GET"]}}],"collection":[{"href":"https:\/\/blogs2.correiobraziliense.com.br\/vicente\/wp-json\/wp\/v2\/posts"}],"about":[{"href":"https:\/\/blogs2.correiobraziliense.com.br\/vicente\/wp-json\/wp\/v2\/types\/post"}],"author":[{"embeddable":true,"href":"https:\/\/blogs2.correiobraziliense.com.br\/vicente\/wp-json\/wp\/v2\/users\/22"}],"replies":[{"embeddable":true,"href":"https:\/\/blogs2.correiobraziliense.com.br\/vicente\/wp-json\/wp\/v2\/comments?post=9401"}],"version-history":[{"count":5,"href":"https:\/\/blogs2.correiobraziliense.com.br\/vicente\/wp-json\/wp\/v2\/posts\/9401\/revisions"}],"predecessor-version":[{"id":9406,"href":"https:\/\/blogs2.correiobraziliense.com.br\/vicente\/wp-json\/wp\/v2\/posts\/9401\/revisions\/9406"}],"wp:attachment":[{"href":"https:\/\/blogs2.correiobraziliense.com.br\/vicente\/wp-json\/wp\/v2\/media?parent=9401"}],"wp:term":[{"taxonomy":"category","embeddable":true,"href":"https:\/\/blogs2.correiobraziliense.com.br\/vicente\/wp-json\/wp\/v2\/categories?post=9401"},{"taxonomy":"post_tag","embeddable":true,"href":"https:\/\/blogs2.correiobraziliense.com.br\/vicente\/wp-json\/wp\/v2\/tags?post=9401"}],"curies":[{"name":"wp","href":"https:\/\/api.w.org\/{rel}","templated":true}]}}