{"id":9407,"date":"2018-11-01T16:07:29","date_gmt":"2018-11-01T19:07:29","guid":{"rendered":"https:\/\/blogs2.correiobraziliense.com.br\/vicente\/?p=9407"},"modified":"2018-11-01T16:37:41","modified_gmt":"2018-11-01T19:37:41","slug":"corrida-por-dolares-zera-estoques-de-bancos-e-casas-de-cambio","status":"publish","type":"post","link":"https:\/\/blogs2.correiobraziliense.com.br\/vicente\/corrida-por-dolares-zera-estoques-de-bancos-e-casas-de-cambio\/","title":{"rendered":"Corrida por d\u00f3lares zera estoques de bancos e casas de c\u00e2mbio"},"content":{"rendered":"<p>A forte queda dos pre\u00e7os do d\u00f3lar \u2014 a moeda norte-americana est\u00e1 cotada a R$ 3,69, com queda de quase 1% \u2014 provocou uma corrida \u00e0s ag\u00eancias banc\u00e1rias e \u00e0s casas de c\u00e2mbio em Bras\u00edlia. A clientela comprou tudo o que pode. Tanto que, em v\u00e1rias ag\u00eancias, o estoque zerou. N\u00e3o sobrou um d\u00f3lar sequer.<\/p>\n<p>&nbsp;<\/p>\n<p>Segundo Banco do Brasil, em v\u00e1rias ag\u00eancias, a demanda foi muito grande. Isso aconteceu, acrescentou o banco, por causa do pre\u00e7o menor da moeda, da proximidade das f\u00e9rias de fim de ano e do feriado prolongado. Nas ag\u00eancias mais movimentadas, faltou d\u00f3lares desde a abertura dos neg\u00f3cios desta quinta-feira (01\/11).<\/p>\n<p>&nbsp;<\/p>\n<p>Tamb\u00e9m nas casas de c\u00e2mbio de v\u00e1rios shoppings de Bras\u00edlia o estoque de d\u00f3lares acabou. De acordo com os operadores, abaixo de R$ 4, os consumidores ampliam as compras para formarem reservas de olho em futuras viagens ao exterior. &#8220;Desde a semana passada, a procura por d\u00f3lar disparou&#8221;, diz um funcion\u00e1rio de uma casa de c\u00e2mbio.<\/p>\n<p>&nbsp;<\/p>\n<p>Os operadores ressaltam que, nos momentos mais tensos da pol\u00edtica, sobretudo nos dias ap\u00f3s a facada sofrida pelo agora presidente eleito Jair Bolsonaro, o d\u00f3lar turismo chegou a ser negociado acima de R$ 5. &#8220;Portanto, com a moeda abaixo de R$ 4, todo mundo se anima a viajar para o exterior&#8221;, destaca um agente de turismo.<\/p>\n<p>&nbsp;<\/p>\n<p>A perspectiva \u00e9 de que os consumidores antecipem a compra de viagens para o exterior para fecharem os pacotes a um d\u00f3lar mais baixo. &#8220;Vamos ver esse movimento mais claramente nos relat\u00f3rios que o Banco Central divulgar\u00e1 nos pr\u00f3ximos meses sobre viagens ao exterior&#8221;, afirma um operador de c\u00e2mbio.<\/p>\n<p>&nbsp;<\/p>\n<p>Caso o d\u00f3lar se mantenha abaixo de R$ 4, os brasileiros v\u00e3o preferir viajar para o exterior no fim de ano em vez de fazerem turismo pelo Brasil, at\u00e9 porque, em alguns casos, os passeios no pa\u00eds s\u00e3o mais caros e a infraestrutura, pior. &#8220;Muita gente est\u00e1 procurando informa\u00e7\u00f5es sobre Natal e ano-novo nos Estados Unidos&#8221;, diz um gerente de uma ag\u00eancia de viagem.<\/p>\n<p>&nbsp;<\/p>\n<p><em>Bras\u00edlia, 16h07min<\/em><\/p>\n","protected":false},"excerpt":{"rendered":"<p>A forte queda dos pre\u00e7os do d\u00f3lar \u2014 a moeda norte-americana est\u00e1 cotada a R$ 3,69, com queda de quase 1% \u2014 provocou uma corrida \u00e0s ag\u00eancias banc\u00e1rias e \u00e0s casas de c\u00e2mbio em Bras\u00edlia. A clientela comprou tudo o que pode. Tanto que, em v\u00e1rias ag\u00eancias, o estoque zerou. N\u00e3o sobrou um d\u00f3lar sequer. [&hellip;]<\/p>\n","protected":false},"author":22,"featured_media":0,"comment_status":"open","ping_status":"closed","sticky":false,"template":"","format":"standard","meta":{"wpb_read_more":[],"footnotes":""},"categories":[600],"tags":[],"class_list":["post-9407","post","type-post","status-publish","format-standard","hentry","category-economia"],"_links":{"self":[{"href":"https:\/\/blogs2.correiobraziliense.com.br\/vicente\/wp-json\/wp\/v2\/posts\/9407","targetHints":{"allow":["GET"]}}],"collection":[{"href":"https:\/\/blogs2.correiobraziliense.com.br\/vicente\/wp-json\/wp\/v2\/posts"}],"about":[{"href":"https:\/\/blogs2.correiobraziliense.com.br\/vicente\/wp-json\/wp\/v2\/types\/post"}],"author":[{"embeddable":true,"href":"https:\/\/blogs2.correiobraziliense.com.br\/vicente\/wp-json\/wp\/v2\/users\/22"}],"replies":[{"embeddable":true,"href":"https:\/\/blogs2.correiobraziliense.com.br\/vicente\/wp-json\/wp\/v2\/comments?post=9407"}],"version-history":[{"count":1,"href":"https:\/\/blogs2.correiobraziliense.com.br\/vicente\/wp-json\/wp\/v2\/posts\/9407\/revisions"}],"predecessor-version":[{"id":9408,"href":"https:\/\/blogs2.correiobraziliense.com.br\/vicente\/wp-json\/wp\/v2\/posts\/9407\/revisions\/9408"}],"wp:attachment":[{"href":"https:\/\/blogs2.correiobraziliense.com.br\/vicente\/wp-json\/wp\/v2\/media?parent=9407"}],"wp:term":[{"taxonomy":"category","embeddable":true,"href":"https:\/\/blogs2.correiobraziliense.com.br\/vicente\/wp-json\/wp\/v2\/categories?post=9407"},{"taxonomy":"post_tag","embeddable":true,"href":"https:\/\/blogs2.correiobraziliense.com.br\/vicente\/wp-json\/wp\/v2\/tags?post=9407"}],"curies":[{"name":"wp","href":"https:\/\/api.w.org\/{rel}","templated":true}]}}