{"id":9409,"date":"2018-11-01T17:10:27","date_gmt":"2018-11-01T20:10:27","guid":{"rendered":"https:\/\/blogs2.correiobraziliense.com.br\/vicente\/?p=9409"},"modified":"2018-11-01T18:15:58","modified_gmt":"2018-11-01T21:15:58","slug":"so-1-das-multas-do-ibama-sao-para-a-agropecuaria","status":"publish","type":"post","link":"https:\/\/blogs2.correiobraziliense.com.br\/vicente\/so-1-das-multas-do-ibama-sao-para-a-agropecuaria\/","title":{"rendered":"S\u00f3 1% das multas do Ibama s\u00e3o para a agropecu\u00e1ria"},"content":{"rendered":"<p>A ideia de submeter os \u00f3rg\u00e3os ambientais ao Minist\u00e9rio da Agricultura, eliminando a pasta do Meio Ambiente, anunciada pela equipe de Jair Bolsonaro, tem a oposi\u00e7\u00e3o de muita gente na sociedade e no atual governo. No Instituto Brasileiro do Meio Ambiente e dos Recursos Naturais Renov\u00e1veis (Ibama), h\u00e1 at\u00e9 mesmo perplexidade.<\/p>\n<p>&nbsp;<\/p>\n<p>O \u00f3rg\u00e3o \u00e9 respons\u00e1vel por fiscalizar as propriedades rurais, checando se n\u00e3o h\u00e1 desmatamento ilegal, se agrot\u00f3xicos est\u00e3o bem armazenados, etc. A queixa dos produtores rurais \u00e9 com esse trabalho, que, na vis\u00e3o deles, atrapalha. Mas apenas 1% das atua\u00e7\u00f5es do Ibama s\u00e3o na \u00e1rea agropecu\u00e1ria.<\/p>\n<p>&nbsp;<\/p>\n<p>Assim, ao colocar nas m\u00e3os do ministro da Agricultura a fiscaliza\u00e7\u00e3o agropecu\u00e1ria, o Planalto precisar\u00e1 jogar para ele tamb\u00e9m os outros 99% das pendengas do Ibama, que dizem respeito \u00e0 minera\u00e7\u00e3o, \u00e0s ind\u00fastrias e a outros empreendimentos, a maior parte em \u00e1reas urbanas.<\/p>\n<p>&nbsp;<\/p>\n<p>A pol\u00eamica est\u00e1 t\u00e3o grande em torno do assunto, que o presidente eleito Jair Bolsonaro disse, em entrevista nesta quinta-feira (01\/11), que nada est\u00e1 decidido. O martelo sobre a incorpora\u00e7\u00e3o ou n\u00e3o do Meio Ambiente pela Agricultura ser\u00e1 batido nos pr\u00f3ximos dias.<\/p>\n<p>&nbsp;<\/p>\n<p><em>Bras\u00edlia, 17h10min<\/em><\/p>\n","protected":false},"excerpt":{"rendered":"<p>A ideia de submeter os \u00f3rg\u00e3os ambientais ao Minist\u00e9rio da Agricultura, eliminando a pasta do Meio Ambiente, anunciada pela equipe de Jair Bolsonaro, tem a oposi\u00e7\u00e3o de muita gente na sociedade e no atual governo. No Instituto Brasileiro do Meio Ambiente e dos Recursos Naturais Renov\u00e1veis (Ibama), h\u00e1 at\u00e9 mesmo perplexidade. &nbsp; O \u00f3rg\u00e3o \u00e9 [&hellip;]<\/p>\n","protected":false},"author":22,"featured_media":0,"comment_status":"open","ping_status":"closed","sticky":false,"template":"","format":"standard","meta":{"wpb_read_more":[],"footnotes":""},"categories":[600],"tags":[],"class_list":["post-9409","post","type-post","status-publish","format-standard","hentry","category-economia"],"_links":{"self":[{"href":"https:\/\/blogs2.correiobraziliense.com.br\/vicente\/wp-json\/wp\/v2\/posts\/9409","targetHints":{"allow":["GET"]}}],"collection":[{"href":"https:\/\/blogs2.correiobraziliense.com.br\/vicente\/wp-json\/wp\/v2\/posts"}],"about":[{"href":"https:\/\/blogs2.correiobraziliense.com.br\/vicente\/wp-json\/wp\/v2\/types\/post"}],"author":[{"embeddable":true,"href":"https:\/\/blogs2.correiobraziliense.com.br\/vicente\/wp-json\/wp\/v2\/users\/22"}],"replies":[{"embeddable":true,"href":"https:\/\/blogs2.correiobraziliense.com.br\/vicente\/wp-json\/wp\/v2\/comments?post=9409"}],"version-history":[{"count":1,"href":"https:\/\/blogs2.correiobraziliense.com.br\/vicente\/wp-json\/wp\/v2\/posts\/9409\/revisions"}],"predecessor-version":[{"id":9410,"href":"https:\/\/blogs2.correiobraziliense.com.br\/vicente\/wp-json\/wp\/v2\/posts\/9409\/revisions\/9410"}],"wp:attachment":[{"href":"https:\/\/blogs2.correiobraziliense.com.br\/vicente\/wp-json\/wp\/v2\/media?parent=9409"}],"wp:term":[{"taxonomy":"category","embeddable":true,"href":"https:\/\/blogs2.correiobraziliense.com.br\/vicente\/wp-json\/wp\/v2\/categories?post=9409"},{"taxonomy":"post_tag","embeddable":true,"href":"https:\/\/blogs2.correiobraziliense.com.br\/vicente\/wp-json\/wp\/v2\/tags?post=9409"}],"curies":[{"name":"wp","href":"https:\/\/api.w.org\/{rel}","templated":true}]}}