{"id":941,"date":"2016-05-11T16:22:20","date_gmt":"2016-05-11T19:22:20","guid":{"rendered":"https:\/\/blogs2.correiobraziliense.com.br\/vicente\/?p=941"},"modified":"2016-05-11T16:46:35","modified_gmt":"2016-05-11T19:46:35","slug":"corrida-para-entregar-cargos-comissionados-no-governo","status":"publish","type":"post","link":"https:\/\/blogs2.correiobraziliense.com.br\/vicente\/corrida-para-entregar-cargos-comissionados-no-governo\/","title":{"rendered":"CORRIDA PARA ENTREGAR CARGOS COMISSIONADOS NO GOVERNO"},"content":{"rendered":"<p>POR ROSANA HESSEL<\/p>\n<p>&nbsp;<\/p>\n<p>V\u00e1rias pessoas que ocupam cargos comissionados na Esplanada dos Minist\u00e9rios, os DAS, j\u00e1 encaminharam pedido de exonera\u00e7\u00e3o hoje. Querem que as portarias com os desligamentos sejam assinadas ainda no governo Dilma e n\u00e3o no de Temer.<\/p>\n<p>&nbsp;<\/p>\n<p>A perspectiva \u00e9 de que todas as exonera\u00e7\u00f5es sejam publicadas na edi\u00e7\u00e3o desta quinta-feira do Di\u00e1rio Oficial da Uni\u00e3o (DOU). A ideia inicial era de que houvesse uma edi\u00e7\u00e3o extra do DOU para contemplar todos os pedidos. Mas essa edi\u00e7\u00e3o extra deve se restringir a ministros e a assessores diretos de Dilma.<\/p>\n<p>&nbsp;<\/p>\n<p>O clima \u00e9 de consterna\u00e7\u00e3o na Esplanada. A troca de e-mails de despedida \u00e9 intensa. Hoje, tornou-se cena comum ocupantes de cargos de DAS descerem os elevadores de minist\u00e9rios carregando caixas e bolsas com pertences pessoais.<\/p>\n<p>&nbsp;<\/p>\n<p><em>Bras\u00edlia, 16h21min<\/em><\/p>\n","protected":false},"excerpt":{"rendered":"<p>POR ROSANA HESSEL &nbsp; V\u00e1rias pessoas que ocupam cargos comissionados na Esplanada dos Minist\u00e9rios, os DAS, j\u00e1 encaminharam pedido de exonera\u00e7\u00e3o hoje. Querem que as portarias com os desligamentos sejam assinadas ainda no governo Dilma e n\u00e3o no de Temer. &nbsp; A perspectiva \u00e9 de que todas as exonera\u00e7\u00f5es sejam publicadas na edi\u00e7\u00e3o desta quinta-feira [&hellip;]<\/p>\n","protected":false},"author":22,"featured_media":0,"comment_status":"open","ping_status":"closed","sticky":false,"template":"","format":"standard","meta":{"wpb_read_more":[],"footnotes":""},"categories":[1],"tags":[],"class_list":["post-941","post","type-post","status-publish","format-standard","hentry","category-sem-categoria"],"_links":{"self":[{"href":"https:\/\/blogs2.correiobraziliense.com.br\/vicente\/wp-json\/wp\/v2\/posts\/941","targetHints":{"allow":["GET"]}}],"collection":[{"href":"https:\/\/blogs2.correiobraziliense.com.br\/vicente\/wp-json\/wp\/v2\/posts"}],"about":[{"href":"https:\/\/blogs2.correiobraziliense.com.br\/vicente\/wp-json\/wp\/v2\/types\/post"}],"author":[{"embeddable":true,"href":"https:\/\/blogs2.correiobraziliense.com.br\/vicente\/wp-json\/wp\/v2\/users\/22"}],"replies":[{"embeddable":true,"href":"https:\/\/blogs2.correiobraziliense.com.br\/vicente\/wp-json\/wp\/v2\/comments?post=941"}],"version-history":[{"count":5,"href":"https:\/\/blogs2.correiobraziliense.com.br\/vicente\/wp-json\/wp\/v2\/posts\/941\/revisions"}],"predecessor-version":[{"id":946,"href":"https:\/\/blogs2.correiobraziliense.com.br\/vicente\/wp-json\/wp\/v2\/posts\/941\/revisions\/946"}],"wp:attachment":[{"href":"https:\/\/blogs2.correiobraziliense.com.br\/vicente\/wp-json\/wp\/v2\/media?parent=941"}],"wp:term":[{"taxonomy":"category","embeddable":true,"href":"https:\/\/blogs2.correiobraziliense.com.br\/vicente\/wp-json\/wp\/v2\/categories?post=941"},{"taxonomy":"post_tag","embeddable":true,"href":"https:\/\/blogs2.correiobraziliense.com.br\/vicente\/wp-json\/wp\/v2\/tags?post=941"}],"curies":[{"name":"wp","href":"https:\/\/api.w.org\/{rel}","templated":true}]}}