{"id":9411,"date":"2018-11-01T18:01:38","date_gmt":"2018-11-01T21:01:38","guid":{"rendered":"https:\/\/blogs2.correiobraziliense.com.br\/vicente\/?p=9411"},"modified":"2018-11-01T18:33:55","modified_gmt":"2018-11-01T21:33:55","slug":"bolsa-bate-recorde-historico-e-dolar-desaba","status":"publish","type":"post","link":"https:\/\/blogs2.correiobraziliense.com.br\/vicente\/bolsa-bate-recorde-historico-e-dolar-desaba\/","title":{"rendered":"Bolsa bate recorde hist\u00f3rico e d\u00f3lar desaba"},"content":{"rendered":"<p>GABRIEL PONTE<\/p>\n<p>&nbsp;<\/p>\n<p>No \u00faltimo preg\u00e3o da semana antes do feriado de Finados, o Ibovespa, principal \u00edndice da Bolsa de Valores de S\u00e3o Paulo (B3), renovou sua m\u00e1xima hist\u00f3rica de fechamento, ao alcan\u00e7ar os 88.419 pontos, com alta de 1,14%. Ao longo dia dia, por\u00e9m, a Bolsa chegou a cravar os 89.017 pontos, refletindo toda a euforia dos investidores.<\/p>\n<p>&nbsp;<\/p>\n<p>No acumulado da semana, o Ibovespa saltou 3%. Foi a quinta alta semanal consecutiva do \u00edndice. O desempenho positivo do preg\u00e3o desta quinta-feira (01\/11) decorreu, sobretudo, do an\u00fancio, por parte do presidente eleito Jair Bolsonaro de que o juiz S\u00e9rgio Moro, figura central da Opera\u00e7\u00e3o Lava-Jato, ser\u00e1 o novo ministro da Justi\u00e7a do governo, em um minist\u00e9rio ampliado.<\/p>\n<p>&nbsp;<\/p>\n<p>Os investidores tamb\u00e9m estiveram atentos \u00e0s declara\u00e7\u00f5es de Donald Trump, presidente dos Estados Unidos, que disse ter tido &#8220;uma conversa muito boa&#8221; com o presidente chin\u00eas, Xi Jinping, e aos balan\u00e7os trimestrais das empresas que comp\u00f5em a carteira da Bovespa. Nesta quinta-feira, o Bradesco divulgou lucro l\u00edquido no terceiro trimestre deste ano, de R$ 5 bilh\u00f5es. As a\u00e7\u00f5es preferenciais do banco estiveram entre as mais negociadas no dia, com forte valoriza\u00e7\u00e3o de 5,71%.<\/p>\n<p>&nbsp;<\/p>\n<p>Seguindo o comportamento favor\u00e1vel da Bolsa de Valores, o d\u00f3lar encerrou a quinta-feira negociado a R$ 3,695 para venda, com queda de 0,78%, e abaixo do suporte dos R$ 3,70. Na estimativa do economista-chefe do Banco Votorantim, Roberto Padovani, \u00e9 poss\u00edvel que o d\u00f3lar caia at\u00e9 R$ 3,50 ou R$ 3,40 se o governo de Bolsonaro conseguir aprovar a reforma da Previd\u00eancia Social.<\/p>\n<p>&nbsp;<\/p>\n<p>Os analistas tamb\u00e9m est\u00e3o revendo a proje\u00e7\u00f5es para a taxa b\u00e1sica de juros (Selic), que foi mantida em 6,50% ao ano pelo Banco Central. Segundo Andr\u00e9 Perfeito, da Corretora Spinelli, a alta da Selic em 2019 ser\u00e1 menor do que a projetada. Em vez de 8%, a taxa ir\u00e1 para 7%, acredita ele, por causa da infla\u00e7\u00e3o sob controle e da fragilidade da economia \u2014 a produ\u00e7\u00e3o industrial n\u00e3o para de cair.<\/p>\n<p>&nbsp;<\/p>\n<p><em>Bras\u00edlia, 18h01min<\/em><\/p>\n","protected":false},"excerpt":{"rendered":"<p>GABRIEL PONTE &nbsp; No \u00faltimo preg\u00e3o da semana antes do feriado de Finados, o Ibovespa, principal \u00edndice da Bolsa de Valores de S\u00e3o Paulo (B3), renovou sua m\u00e1xima hist\u00f3rica de fechamento, ao alcan\u00e7ar os 88.419 pontos, com alta de 1,14%. Ao longo dia dia, por\u00e9m, a Bolsa chegou a cravar os 89.017 pontos, refletindo toda [&hellip;]<\/p>\n","protected":false},"author":22,"featured_media":0,"comment_status":"open","ping_status":"closed","sticky":false,"template":"","format":"standard","meta":{"wpb_read_more":[],"footnotes":""},"categories":[600],"tags":[],"class_list":["post-9411","post","type-post","status-publish","format-standard","hentry","category-economia"],"_links":{"self":[{"href":"https:\/\/blogs2.correiobraziliense.com.br\/vicente\/wp-json\/wp\/v2\/posts\/9411","targetHints":{"allow":["GET"]}}],"collection":[{"href":"https:\/\/blogs2.correiobraziliense.com.br\/vicente\/wp-json\/wp\/v2\/posts"}],"about":[{"href":"https:\/\/blogs2.correiobraziliense.com.br\/vicente\/wp-json\/wp\/v2\/types\/post"}],"author":[{"embeddable":true,"href":"https:\/\/blogs2.correiobraziliense.com.br\/vicente\/wp-json\/wp\/v2\/users\/22"}],"replies":[{"embeddable":true,"href":"https:\/\/blogs2.correiobraziliense.com.br\/vicente\/wp-json\/wp\/v2\/comments?post=9411"}],"version-history":[{"count":1,"href":"https:\/\/blogs2.correiobraziliense.com.br\/vicente\/wp-json\/wp\/v2\/posts\/9411\/revisions"}],"predecessor-version":[{"id":9412,"href":"https:\/\/blogs2.correiobraziliense.com.br\/vicente\/wp-json\/wp\/v2\/posts\/9411\/revisions\/9412"}],"wp:attachment":[{"href":"https:\/\/blogs2.correiobraziliense.com.br\/vicente\/wp-json\/wp\/v2\/media?parent=9411"}],"wp:term":[{"taxonomy":"category","embeddable":true,"href":"https:\/\/blogs2.correiobraziliense.com.br\/vicente\/wp-json\/wp\/v2\/categories?post=9411"},{"taxonomy":"post_tag","embeddable":true,"href":"https:\/\/blogs2.correiobraziliense.com.br\/vicente\/wp-json\/wp\/v2\/tags?post=9411"}],"curies":[{"name":"wp","href":"https:\/\/api.w.org\/{rel}","templated":true}]}}