{"id":9463,"date":"2018-12-07T18:20:58","date_gmt":"2018-12-07T20:20:58","guid":{"rendered":"https:\/\/blogs2.correiobraziliense.com.br\/vicente\/?p=9463"},"modified":"2018-12-07T18:20:58","modified_gmt":"2018-12-07T20:20:58","slug":"psl-escolhe-porta-voz-para-apaziguar-crise-no-partido","status":"publish","type":"post","link":"https:\/\/blogs2.correiobraziliense.com.br\/vicente\/psl-escolhe-porta-voz-para-apaziguar-crise-no-partido\/","title":{"rendered":"PSL escolhe porta-voz para apaziguar crise no partido"},"content":{"rendered":"<h2>RODOLFO COSTA<\/h2>\n<h2><\/h2>\n<h2>A bancada de S\u00e3o Paulo do PSL decidiu colocar um basta \u00e0s desaven\u00e7as entre os deputados Major Olimpio, Eduardo Bolsonaro e Joice Hasselmann. Em reuni\u00e3o na noite de quinta-feira (6\/12), oito dos 10 deputados eleitos no estado se encontraram para definir quem ser\u00e1 o porta-voz na articula\u00e7\u00e3o do partido na C\u00e2mara dos Deputados. O escolhido foi J\u00fanio Bozzella, que ser\u00e1 o l\u00edder desse processo de coordena\u00e7\u00e3o. Ele ter\u00e1 como vice-l\u00edder Alexandre Frota.<\/h2>\n<p>&nbsp;<\/p>\n<p>Os \u00fanicos deputados eleitos da bancada paulista do PSL que n\u00e3o compareceram a reuni\u00e3o foram Joice e Eduardo. \u201cN\u00e3o tinha clima\u201d, admitiu Bozzella. Em conversa vazada em um grupo de WhatsApp, os dois parlamentares discutiram sobre articula\u00e7\u00f5es e lideran\u00e7a. A parlamentar deseja ser l\u00edder do PSL na C\u00e2mara na pr\u00f3xima legislatura, enquanto o filho do presidente eleito, Jair Bolsonaro questiona as movimenta\u00e7\u00f5es da correligion\u00e1ria.<\/p>\n<p>&nbsp;<\/p>\n<p>A medida tem por objetivo criar uma unidade e organizar a comunica\u00e7\u00e3o do PSL. H\u00e1 um temor de que, sem uma coordena\u00e7\u00e3o un\u00edssona, o processo de di\u00e1logo em torno da Presid\u00eancia da C\u00e2mara fique comprometido. O DEM, do presidente da C\u00e2mara, Rodrigo Maia (RJ), est\u00e1 com a montagem de um bloco bem encaminhada.<\/p>\n<p>&nbsp;<\/p>\n<p>O deputado S\u00f3stenes Cavalcante (DEM-RJ), coordenador da campanha, garante que essa sustenta\u00e7\u00e3o ser\u00e1 capaz de dar apoio suficiente para a reelei\u00e7\u00e3o. E avisa que, se o PSL apoiar outra candidatura e perder, o resultado pr\u00e1tico disso \u00e9 a exclus\u00e3o da legenda da mesa diretora.<\/p>\n<p>&nbsp;<\/p>\n<p><em>Bras\u00edlia, 18h19min<\/em><\/p>\n","protected":false},"excerpt":{"rendered":"<p>RODOLFO COSTA A bancada de S\u00e3o Paulo do PSL decidiu colocar um basta \u00e0s desaven\u00e7as entre os deputados Major Olimpio, Eduardo Bolsonaro e Joice Hasselmann. Em reuni\u00e3o na noite de quinta-feira (6\/12), oito dos 10 deputados eleitos no estado se encontraram para definir quem ser\u00e1 o porta-voz na articula\u00e7\u00e3o do partido na C\u00e2mara dos Deputados. [&hellip;]<\/p>\n","protected":false},"author":22,"featured_media":0,"comment_status":"open","ping_status":"closed","sticky":false,"template":"","format":"standard","meta":{"wpb_read_more":[],"footnotes":""},"categories":[600],"tags":[3638,3639,3596],"class_list":["post-9463","post","type-post","status-publish","format-standard","hentry","category-economia","tag-lider","tag-porta-voz","tag-psl"],"_links":{"self":[{"href":"https:\/\/blogs2.correiobraziliense.com.br\/vicente\/wp-json\/wp\/v2\/posts\/9463","targetHints":{"allow":["GET"]}}],"collection":[{"href":"https:\/\/blogs2.correiobraziliense.com.br\/vicente\/wp-json\/wp\/v2\/posts"}],"about":[{"href":"https:\/\/blogs2.correiobraziliense.com.br\/vicente\/wp-json\/wp\/v2\/types\/post"}],"author":[{"embeddable":true,"href":"https:\/\/blogs2.correiobraziliense.com.br\/vicente\/wp-json\/wp\/v2\/users\/22"}],"replies":[{"embeddable":true,"href":"https:\/\/blogs2.correiobraziliense.com.br\/vicente\/wp-json\/wp\/v2\/comments?post=9463"}],"version-history":[{"count":1,"href":"https:\/\/blogs2.correiobraziliense.com.br\/vicente\/wp-json\/wp\/v2\/posts\/9463\/revisions"}],"predecessor-version":[{"id":9464,"href":"https:\/\/blogs2.correiobraziliense.com.br\/vicente\/wp-json\/wp\/v2\/posts\/9463\/revisions\/9464"}],"wp:attachment":[{"href":"https:\/\/blogs2.correiobraziliense.com.br\/vicente\/wp-json\/wp\/v2\/media?parent=9463"}],"wp:term":[{"taxonomy":"category","embeddable":true,"href":"https:\/\/blogs2.correiobraziliense.com.br\/vicente\/wp-json\/wp\/v2\/categories?post=9463"},{"taxonomy":"post_tag","embeddable":true,"href":"https:\/\/blogs2.correiobraziliense.com.br\/vicente\/wp-json\/wp\/v2\/tags?post=9463"}],"curies":[{"name":"wp","href":"https:\/\/api.w.org\/{rel}","templated":true}]}}