{"id":9467,"date":"2018-12-12T12:11:21","date_gmt":"2018-12-12T14:11:21","guid":{"rendered":"https:\/\/blogs2.correiobraziliense.com.br\/vicente\/?p=9467"},"modified":"2018-12-12T12:11:43","modified_gmt":"2018-12-12T14:11:43","slug":"corra-que-tem-gasolina-a-r-397-o-litro","status":"publish","type":"post","link":"https:\/\/blogs2.correiobraziliense.com.br\/vicente\/corra-que-tem-gasolina-a-r-397-o-litro\/","title":{"rendered":"Corra, que tem gasolina a R$ 3,97 o litro"},"content":{"rendered":"<p>SIMONE KAFRUNI<\/p>\n<p>&nbsp;<\/p>\n<p>A Petrobras anunciou nesta quarta-feira (12\/12) mais um aumento no pre\u00e7o da gasolina. A partir de amanh\u00e3, o litro do combust\u00edvel nas refinarias passar\u00e1 de R$ 1,5942 para R$ 1,6121, alta de 1,12%.<\/p>\n<p>&nbsp;<\/p>\n<p><a href=\"https:\/\/blogs2.correiobraziliense.com.br\/vicente\/wp-content\/uploads\/sites\/16\/2018\/12\/397.jpg\"><img loading=\"lazy\" decoding=\"async\" class=\"alignnone size-large wp-image-9468\" src=\"https:\/\/blogs2.correiobraziliense.com.br\/vicente\/wp-content\/uploads\/sites\/16\/2018\/12\/397-1024x576.jpg\" alt=\"\" width=\"1024\" height=\"576\" srcset=\"https:\/\/blogs2.correiobraziliense.com.br\/vicente\/wp-content\/uploads\/sites\/16\/2018\/12\/397-1024x576.jpg 1024w, https:\/\/blogs2.correiobraziliense.com.br\/vicente\/wp-content\/uploads\/sites\/16\/2018\/12\/397-300x169.jpg 300w, https:\/\/blogs2.correiobraziliense.com.br\/vicente\/wp-content\/uploads\/sites\/16\/2018\/12\/397-768x432.jpg 768w, https:\/\/blogs2.correiobraziliense.com.br\/vicente\/wp-content\/uploads\/sites\/16\/2018\/12\/397-350x197.jpg 350w, https:\/\/blogs2.correiobraziliense.com.br\/vicente\/wp-content\/uploads\/sites\/16\/2018\/12\/397-550x310.jpg 550w, https:\/\/blogs2.correiobraziliense.com.br\/vicente\/wp-content\/uploads\/sites\/16\/2018\/12\/397-230x129.jpg 230w, https:\/\/blogs2.correiobraziliense.com.br\/vicente\/wp-content\/uploads\/sites\/16\/2018\/12\/397.jpg 1032w\" sizes=\"auto, (max-width: 1024px) 100vw, 1024px\" \/><\/a><\/p>\n<p>&nbsp;<\/p>\n<p>Mas ainda d\u00e1 para abastecer por menos de R$ 4 em Bras\u00edlia. Um posto na 303 Norte est\u00e1 vendendo o litro da gasolina a R$ 3,97.<\/p>\n<p>&nbsp;<\/p>\n<p>Na compara\u00e7\u00e3o com o m\u00eas anterior, em dezembro, o combust\u00edvel ficou 4,7% mais barato, em m\u00e9dia, para os consumidores.<\/p>\n<p>&nbsp;<\/p>\n<p>O resultado foi apurado na primeira pr\u00e9via de dezembro do \u00cdndice Geral de Pre\u00e7os &#8211; Mercado (IGP-M), calculado pela Funda\u00e7\u00e3o Getulio Vargas. Em novembro, o combust\u00edvel havia marcado alta de 0,75%.<\/p>\n<p>&nbsp;<\/p>\n<p>No atacado, houve queda de 14,9% em dezembro e de 3,6%, em 12 meses.<\/p>\n","protected":false},"excerpt":{"rendered":"<p>SIMONE KAFRUNI &nbsp; A Petrobras anunciou nesta quarta-feira (12\/12) mais um aumento no pre\u00e7o da gasolina. A partir de amanh\u00e3, o litro do combust\u00edvel nas refinarias passar\u00e1 de R$ 1,5942 para R$ 1,6121, alta de 1,12%. &nbsp; &nbsp; Mas ainda d\u00e1 para abastecer por menos de R$ 4 em Bras\u00edlia. Um posto na 303 Norte [&hellip;]<\/p>\n","protected":false},"author":22,"featured_media":0,"comment_status":"open","ping_status":"closed","sticky":false,"template":"","format":"standard","meta":{"wpb_read_more":[],"footnotes":""},"categories":[600],"tags":[],"class_list":["post-9467","post","type-post","status-publish","format-standard","hentry","category-economia"],"_links":{"self":[{"href":"https:\/\/blogs2.correiobraziliense.com.br\/vicente\/wp-json\/wp\/v2\/posts\/9467","targetHints":{"allow":["GET"]}}],"collection":[{"href":"https:\/\/blogs2.correiobraziliense.com.br\/vicente\/wp-json\/wp\/v2\/posts"}],"about":[{"href":"https:\/\/blogs2.correiobraziliense.com.br\/vicente\/wp-json\/wp\/v2\/types\/post"}],"author":[{"embeddable":true,"href":"https:\/\/blogs2.correiobraziliense.com.br\/vicente\/wp-json\/wp\/v2\/users\/22"}],"replies":[{"embeddable":true,"href":"https:\/\/blogs2.correiobraziliense.com.br\/vicente\/wp-json\/wp\/v2\/comments?post=9467"}],"version-history":[{"count":1,"href":"https:\/\/blogs2.correiobraziliense.com.br\/vicente\/wp-json\/wp\/v2\/posts\/9467\/revisions"}],"predecessor-version":[{"id":9469,"href":"https:\/\/blogs2.correiobraziliense.com.br\/vicente\/wp-json\/wp\/v2\/posts\/9467\/revisions\/9469"}],"wp:attachment":[{"href":"https:\/\/blogs2.correiobraziliense.com.br\/vicente\/wp-json\/wp\/v2\/media?parent=9467"}],"wp:term":[{"taxonomy":"category","embeddable":true,"href":"https:\/\/blogs2.correiobraziliense.com.br\/vicente\/wp-json\/wp\/v2\/categories?post=9467"},{"taxonomy":"post_tag","embeddable":true,"href":"https:\/\/blogs2.correiobraziliense.com.br\/vicente\/wp-json\/wp\/v2\/tags?post=9467"}],"curies":[{"name":"wp","href":"https:\/\/api.w.org\/{rel}","templated":true}]}}