{"id":947,"date":"2016-05-11T18:03:59","date_gmt":"2016-05-11T21:03:59","guid":{"rendered":"https:\/\/blogs2.correiobraziliense.com.br\/vicente\/?p=947"},"modified":"2016-05-11T18:03:59","modified_gmt":"2016-05-11T21:03:59","slug":"barbosa-diz-que-meirelles-fara-bom-trabalho","status":"publish","type":"post","link":"https:\/\/blogs2.correiobraziliense.com.br\/vicente\/barbosa-diz-que-meirelles-fara-bom-trabalho\/","title":{"rendered":"BARBOSA DIZ QUE MEIRELLES FAR\u00c1 BOM TRABALHO"},"content":{"rendered":"<p>O ministro da Fazenda, Nelson Barbosa, fez quest\u00e3o de se despedir das equipes que trabalhavam diretamente com ele. Chamou uma por uma a seu gabinete para agradecer o empenho neste momento t\u00e3o dif\u00edcil do pa\u00eds. O clima era de consterna\u00e7\u00e3o. Para tentar descontrair, as tradicionais sess\u00f5es de fotos.<\/p>\n<p>&nbsp;<\/p>\n<p>Barbosa elogiou seu sucessor. Disse que Henrique Meirelles, que deve ser nomeado ministro nesta quinta-feira por Michel Temer, caso o Senado aprove o impeachment da presidente Dilma Rousseff, far\u00e1 um bom trabalho.<\/p>\n<p>&nbsp;<\/p>\n<p>Para Barbosa, h\u00e1 uma agenda importante a ser cumprida. E todos os pontos j\u00e1 foram colocados. &#8220;Tenho certeza que o futuro ocupante do Minist\u00e9rio da Fazenda tem a miss\u00e3o de dar andamento as propostas que foram feitas&#8221;, afirmou.<\/p>\n<p>&nbsp;<\/p>\n<p>Barbosa e seu assistentes mais diretos foram embora no meio da tarde. V\u00e3o acompanhar a vota\u00e7\u00e3o do impeachment bem longe da Fazenda.<\/p>\n<p>&nbsp;<\/p>\n<p><em>Bras\u00edlia, 18h03min<\/em><\/p>\n","protected":false},"excerpt":{"rendered":"<p>O ministro da Fazenda, Nelson Barbosa, fez quest\u00e3o de se despedir das equipes que trabalhavam diretamente com ele. Chamou uma por uma a seu gabinete para agradecer o empenho neste momento t\u00e3o dif\u00edcil do pa\u00eds. O clima era de consterna\u00e7\u00e3o. Para tentar descontrair, as tradicionais sess\u00f5es de fotos. &nbsp; Barbosa elogiou seu sucessor. Disse que [&hellip;]<\/p>\n","protected":false},"author":22,"featured_media":0,"comment_status":"open","ping_status":"closed","sticky":false,"template":"","format":"standard","meta":{"wpb_read_more":[],"footnotes":""},"categories":[1],"tags":[],"class_list":["post-947","post","type-post","status-publish","format-standard","hentry","category-sem-categoria"],"_links":{"self":[{"href":"https:\/\/blogs2.correiobraziliense.com.br\/vicente\/wp-json\/wp\/v2\/posts\/947","targetHints":{"allow":["GET"]}}],"collection":[{"href":"https:\/\/blogs2.correiobraziliense.com.br\/vicente\/wp-json\/wp\/v2\/posts"}],"about":[{"href":"https:\/\/blogs2.correiobraziliense.com.br\/vicente\/wp-json\/wp\/v2\/types\/post"}],"author":[{"embeddable":true,"href":"https:\/\/blogs2.correiobraziliense.com.br\/vicente\/wp-json\/wp\/v2\/users\/22"}],"replies":[{"embeddable":true,"href":"https:\/\/blogs2.correiobraziliense.com.br\/vicente\/wp-json\/wp\/v2\/comments?post=947"}],"version-history":[{"count":1,"href":"https:\/\/blogs2.correiobraziliense.com.br\/vicente\/wp-json\/wp\/v2\/posts\/947\/revisions"}],"predecessor-version":[{"id":948,"href":"https:\/\/blogs2.correiobraziliense.com.br\/vicente\/wp-json\/wp\/v2\/posts\/947\/revisions\/948"}],"wp:attachment":[{"href":"https:\/\/blogs2.correiobraziliense.com.br\/vicente\/wp-json\/wp\/v2\/media?parent=947"}],"wp:term":[{"taxonomy":"category","embeddable":true,"href":"https:\/\/blogs2.correiobraziliense.com.br\/vicente\/wp-json\/wp\/v2\/categories?post=947"},{"taxonomy":"post_tag","embeddable":true,"href":"https:\/\/blogs2.correiobraziliense.com.br\/vicente\/wp-json\/wp\/v2\/tags?post=947"}],"curies":[{"name":"wp","href":"https:\/\/api.w.org\/{rel}","templated":true}]}}