{"id":9484,"date":"2018-12-18T20:35:03","date_gmt":"2018-12-18T22:35:03","guid":{"rendered":"https:\/\/blogs2.correiobraziliense.com.br\/vicente\/?p=9484"},"modified":"2018-12-18T22:36:03","modified_gmt":"2018-12-19T00:36:03","slug":"ceb-define-quadro-de-diretores-e-promete-maior-eficiencia","status":"publish","type":"post","link":"https:\/\/blogs2.correiobraziliense.com.br\/vicente\/ceb-define-quadro-de-diretores-e-promete-maior-eficiencia\/","title":{"rendered":"CEB define quadro de diretores e promete maior efici\u00eancia"},"content":{"rendered":"<h2>O futuro governador do Distrito Federal, Ibaneis Rocha, aprovou ontem os nomes dos novos diretores da Companhia Energ\u00e9tica de Bras\u00edlia (CEB), todos escolhidos pelo presidente indicado da companhia, Edison Garcia. Eles assumir\u00e3o os cargos em 7 de janeiro pr\u00f3ximo. Para a diretoria de Planejamento e Gest\u00e3o de Risco, ser\u00e1 nomeado Rog\u00e9rio Boueri, atual diretor de Desenvolvimento Institucional do Instituto de Pesquisa Aplicada (Ipea).<\/h2>\n<p>&nbsp;<\/p>\n<p>A diretoria de Finan\u00e7as e Rela\u00e7\u00f5es com Investidores ficar\u00e1 sob responsabilidade do economista Alexandre Guimar\u00e3es, hoje diretor de Gest\u00e3o de Pessoas do Instituto Nacional do Seguro Social (INSS). Para a diretoria t\u00e9cnica, o indicado \u00e9 Paulo Afonso Machado, atual diretor t\u00e9cnico da CEB Holding. No caso da CEB Lajeado, o escolhido foi Jo\u00e3o Wellisch, engenheiro eletricista, formado pela Universidade de Bras\u00edlia (UnB). Para a CEB Gera\u00e7\u00e3o, vai o advogado Luiz Eduardo S\u00e1 Roriz.<\/p>\n<p>&nbsp;<\/p>\n<p>Segundo Edison Garcia, que \u00e9 procurador federal e responde, atualmente, pela presid\u00eancia do INSS, a recomenda\u00e7\u00e3o do governador eleito \u00e9 para que a futura diretoria recupere a credibilidade da CEB. \u201cNossa miss\u00e3o ser\u00e1 dar maior efici\u00eancia \u00e0 gest\u00e3o, de forma que a companhia cumpra todas as suas obriga\u00e7\u00f5es da melhor maneira poss\u00edvel\u201d, diz. \u201cIsso vale para a ilumina\u00e7\u00e3o p\u00fablica, para a distribui\u00e7\u00e3o e para gera\u00e7\u00e3o de energia\u201d, acrescenta.<\/p>\n<p>&nbsp;<\/p>\n<p>Tamb\u00e9m ser\u00e1 importante, no entender do presidente indicado para a CEB, dar uma demonstra\u00e7\u00e3o clara \u00e0 Comiss\u00e3o de Valores Mobili\u00e1rios (CVM), respons\u00e1vel pela regula\u00e7\u00e3o e fiscaliza\u00e7\u00e3o do mercado de capitais, que vem questionando a empresa por causa de reiteradas reclama\u00e7\u00f5es de acionistas minorit\u00e1rios. A CEB tem a\u00e7\u00f5es negociada em Bolsa de Valores. \u201c\u00c9 claro o descontentamento dos minorit\u00e1rios\u201d, afirma Garcia.<br \/>\nUma das primeiras a\u00e7\u00f5es da futura diretoria ser\u00e1 o lan\u00e7amento de um programa de renegocia\u00e7\u00e3o de d\u00edvidas de clientes da companhia. Por causa da crise econ\u00f4mica, a inadimpl\u00eancia nas contas de luz aumentou muito.<\/p>\n<p>&nbsp;<\/p>\n<p><strong>QUEM \u00c9 QUEM<\/strong><\/p>\n<p>&nbsp;<\/p>\n<p><strong>Presid\u00eancia:<\/strong> Edison Garcia, atual presidente do Instituto Nacional de Previd\u00eancia Social (INSS). \u00c9 advogado, procurador federal. Foi Superintendente da Comiss\u00e3o de Valores Mobili\u00e1rios (CVM), presidente da Associa\u00e7\u00e3o de Investidores do Mercados de Capitais, secret\u00e1rio de Planejamento do Governo de Mato Grosso. Tem LLM em direito societ\u00e1rio e mercado de capitais no Ibmec-Insper.<\/p>\n<p>&nbsp;<\/p>\n<p><strong>Diretoria de Planejamento e Gest\u00e3o de Risco:<\/strong> Rog\u00e9rio Boueri, PhD em economia pela University of Maryland at College Park (EUA) e mestre em Economia pela Funda\u00e7\u00e3o Get\u00falio Vargas. Atualmente, \u00e9 diretor de Desenvolvimento Institucional do Instituto de Pesquisa Aplicada (Ipea). Foi presidente do Conselho Administra\u00e7\u00e3o da Caixa, consultor para Financiamento de Efici\u00eancia Energ\u00e9tica da Confedera\u00e7\u00e3o Nacional da Ind\u00fastria (CNI).<\/p>\n<p>&nbsp;<\/p>\n<p><strong>Diretoria de Finan\u00e7as e Rela\u00e7\u00f5es com Investidores:<\/strong> Alexandre Guimar\u00e3es, economista, estudou na Universidade de Bras\u00edlia (UnB). Tem p\u00f3s-gradua\u00e7\u00e3o em administra\u00e7\u00e3o financeira pelo Icat-DF. Atualmente \u00e9 o diretor de Gest\u00e3o de Pessoas do INSS), trabalhou em v\u00e1rias institui\u00e7\u00f5es financeiras, foi s\u00f3cio da Plenis Investimento e da AEG Investimentos.<\/p>\n<p>&nbsp;<\/p>\n<p><strong>Diretoria t\u00e9cnica:<\/strong> Paulo Afonso Machado, engenheiro eletricista formado pela Escola Federal de Engenharia de Itajub\u00e1, MG. \u00c9 funcion\u00e1rio da CEB desde 1987, onde ocupou a diretoria de Gest\u00e3o da CEB Distribuidora de 2007 a 2010. Atualmente, \u00e9 diretor t\u00e9cnico da CEB Holding.<\/p>\n<p>&nbsp;<\/p>\n<p><strong>CEB Lajeado<\/strong>: Jo\u00e3o Wellisch, engenheiro eletricista, formado pela Universidade de Bras\u00edlia (UnB), com especializa\u00e7\u00e3o na Escola Federal de Engenharia de Itajub\u00e1 (MG). \u00c9 assessor da presid\u00eancia do INSS. Tem especializa\u00e7\u00e3o na \u00e1rea de controle. Trabalhou em diversas empresas de engenharia, foi consultor t\u00e9cnico do Metr\u00f4 DF.<\/p>\n<p>&nbsp;<\/p>\n<p><strong>CEB Gera\u00e7\u00e3o:<\/strong> Luiz Eduardo S\u00e1 Roriz, advogado, com p\u00f3s-gradua\u00e7\u00e3o em direito p\u00fablico. Ocupou o cargo de sub-procurador-geral, de Consultor Jur\u00eddico do GDF. Foi diretor de Desenvolvimento e Comercializa\u00e7\u00e3o da Terracap.<\/p>\n<p>&nbsp;<\/p>\n<p><em>Bras\u00edlia, 20h35min<\/em><\/p>\n","protected":false},"excerpt":{"rendered":"<p>O futuro governador do Distrito Federal, Ibaneis Rocha, aprovou ontem os nomes dos novos diretores da Companhia Energ\u00e9tica de Bras\u00edlia (CEB), todos escolhidos pelo presidente indicado da companhia, Edison Garcia. Eles assumir\u00e3o os cargos em 7 de janeiro pr\u00f3ximo. Para a diretoria de Planejamento e Gest\u00e3o de Risco, ser\u00e1 nomeado Rog\u00e9rio Boueri, atual diretor de [&hellip;]<\/p>\n","protected":false},"author":22,"featured_media":0,"comment_status":"open","ping_status":"closed","sticky":false,"template":"","format":"standard","meta":{"wpb_read_more":[],"footnotes":""},"categories":[600],"tags":[],"class_list":["post-9484","post","type-post","status-publish","format-standard","hentry","category-economia"],"_links":{"self":[{"href":"https:\/\/blogs2.correiobraziliense.com.br\/vicente\/wp-json\/wp\/v2\/posts\/9484","targetHints":{"allow":["GET"]}}],"collection":[{"href":"https:\/\/blogs2.correiobraziliense.com.br\/vicente\/wp-json\/wp\/v2\/posts"}],"about":[{"href":"https:\/\/blogs2.correiobraziliense.com.br\/vicente\/wp-json\/wp\/v2\/types\/post"}],"author":[{"embeddable":true,"href":"https:\/\/blogs2.correiobraziliense.com.br\/vicente\/wp-json\/wp\/v2\/users\/22"}],"replies":[{"embeddable":true,"href":"https:\/\/blogs2.correiobraziliense.com.br\/vicente\/wp-json\/wp\/v2\/comments?post=9484"}],"version-history":[{"count":1,"href":"https:\/\/blogs2.correiobraziliense.com.br\/vicente\/wp-json\/wp\/v2\/posts\/9484\/revisions"}],"predecessor-version":[{"id":9485,"href":"https:\/\/blogs2.correiobraziliense.com.br\/vicente\/wp-json\/wp\/v2\/posts\/9484\/revisions\/9485"}],"wp:attachment":[{"href":"https:\/\/blogs2.correiobraziliense.com.br\/vicente\/wp-json\/wp\/v2\/media?parent=9484"}],"wp:term":[{"taxonomy":"category","embeddable":true,"href":"https:\/\/blogs2.correiobraziliense.com.br\/vicente\/wp-json\/wp\/v2\/categories?post=9484"},{"taxonomy":"post_tag","embeddable":true,"href":"https:\/\/blogs2.correiobraziliense.com.br\/vicente\/wp-json\/wp\/v2\/tags?post=9484"}],"curies":[{"name":"wp","href":"https:\/\/api.w.org\/{rel}","templated":true}]}}