{"id":9486,"date":"2018-12-19T07:50:51","date_gmt":"2018-12-19T09:50:51","guid":{"rendered":"https:\/\/blogs2.correiobraziliense.com.br\/vicente\/?p=9486"},"modified":"2018-12-19T11:17:25","modified_gmt":"2018-12-19T13:17:25","slug":"governo-vai-construir-todos-os-anexos-dos-predios-da-esplanada","status":"publish","type":"post","link":"https:\/\/blogs2.correiobraziliense.com.br\/vicente\/governo-vai-construir-todos-os-anexos-dos-predios-da-esplanada\/","title":{"rendered":"Governo vai construir todos os anexos dos pr\u00e9dios da Esplanada"},"content":{"rendered":"<h2>HAMILTON FERRARI<\/h2>\n<h2><\/h2>\n<h2>A despeito da decis\u00e3o do futuro governo Bolsonaro de mexer na estrutura da m\u00e1quina p\u00fablica, a Secretaria do Patrim\u00f4nio da Uni\u00e3o (SPU) planeja uma reorganiza\u00e7\u00e3o dos servidores na Esplanada dos Minist\u00e9rios. Nos pr\u00f3ximos dias, assinar\u00e1 contrato com a Funda\u00e7\u00e3o Oscar Niemeyer para dar andamento \u00e0 constru\u00e7\u00e3o de todos os anexos previstos no projeto original da regi\u00e3o administrativa do governo federal.<\/h2>\n<p>&nbsp;<\/p>\n<p>O contrato autorizar\u00e1 o governo a replicar o projeto para edifica\u00e7\u00e3o de, ao menos, outros cinco anexos. A ideia \u00e9 concentrar os servidores da Uni\u00e3o no local, reduzindo, assim, gastos com aluguel de im\u00f3veis, que consomem cerca de R$ 1,4 bilh\u00e3o anuais dos cofres do Tesouro Nacional.<\/p>\n<p>&nbsp;<\/p>\n<p>Segundo a SPU, dos atuais 17 blocos, nove (D, F, G, M, N, L, O, P e R) t\u00eam anexos constru\u00eddos. A autoriza\u00e7\u00e3o para o uso do projeto de Oscar Niemeyer na constru\u00e7\u00e3o do anexo do bloco K foi assinada em agosto \u00faltimo. A Empresa Brasileira de Infraestrutura Aeroportu\u00e1ria (Infraero) j\u00e1 est\u00e1 elaborando os projetos complementares de engenharia e de arquitetura para dar in\u00edcio \u00e0 obra.<\/p>\n<p>&nbsp;<\/p>\n<p>Secret\u00e1rio do Patrim\u00f4nio da Uni\u00e3o, do Minist\u00e9rio do Planejamento, Sidrack Correia diz que o objetivo da medida \u00e9 reduzir gastos e diminuir despesas. &#8220;Todos os projetos que forem necess\u00e1rios ser\u00e3o elaborados sem custo para a Uni\u00e3o, gra\u00e7as a essa parceria com a Infraero. Ocupando esses espa\u00e7os e centralizando a gest\u00e3o na Esplanada, poderemos encerrar v\u00e1rios contratos de loca\u00e7\u00e3o de im\u00f3veis\u201d, ressalta.<\/p>\n<p>&nbsp;<\/p>\n<p>Ele destaca ainda que a estimativa \u00e9 de que cada anexo tenha a capacidade de abrigar de 1.800 a 2.700 servidores. A replica\u00e7\u00e3o do projeto para o anexo do Bloco K, autorizada pela Funda\u00e7\u00e3o Oscar Niemeyer, prev\u00ea a cess\u00e3o por prazo indeterminado e em car\u00e1ter permanente e o direito de usar e alterar o projeto arquitet\u00f4nico original, incluindo o t\u00fanel suspenso de conex\u00e3o com o edif\u00edcio principal. Por essa cess\u00e3o, o governo pagou R$ 797,6 mil.<\/p>\n<p>&nbsp;<\/p>\n<p>As adapta\u00e7\u00f5es dos projetos arquitet\u00f4nicos e de engenharia ser\u00e3o viabilizadas pelo acordo de coopera\u00e7\u00e3o t\u00e9cnica firmado entre a SPU e a Infraero. A previs\u00e3o \u00e9 de que em seis meses tudo esteja pronto para ser iniciada as obras do anexo do bloco k.\u00a0A autoriza\u00e7\u00e3o para a replica\u00e7\u00e3o dos demais anexos deve custar R$ 2,5 milh\u00f5es.<\/p>\n<p>&nbsp;<\/p>\n<p>Dos 17 blocos na Esplanada dos Minist\u00e9rios, nove deles (D,F,G,M,N,L,O,P e R) t\u00eam anexos constru\u00eddos e os outros oito (A,B,C,E,J,K,Q e U), n\u00e3o. Ainda h\u00e1 dois pal\u00e1cios: o da Justi\u00e7a, que tem um anexo, e o do Itamaraty, que tem dois anexos.<\/p>\n<p>&nbsp;<\/p>\n<p><em>Bras\u00edlia, 07h50min<\/em><\/p>\n","protected":false},"excerpt":{"rendered":"<p>HAMILTON FERRARI A despeito da decis\u00e3o do futuro governo Bolsonaro de mexer na estrutura da m\u00e1quina p\u00fablica, a Secretaria do Patrim\u00f4nio da Uni\u00e3o (SPU) planeja uma reorganiza\u00e7\u00e3o dos servidores na Esplanada dos Minist\u00e9rios. Nos pr\u00f3ximos dias, assinar\u00e1 contrato com a Funda\u00e7\u00e3o Oscar Niemeyer para dar andamento \u00e0 constru\u00e7\u00e3o de todos os anexos previstos no projeto [&hellip;]<\/p>\n","protected":false},"author":22,"featured_media":0,"comment_status":"open","ping_status":"closed","sticky":false,"template":"","format":"standard","meta":{"wpb_read_more":[],"footnotes":""},"categories":[600],"tags":[],"class_list":["post-9486","post","type-post","status-publish","format-standard","hentry","category-economia"],"_links":{"self":[{"href":"https:\/\/blogs2.correiobraziliense.com.br\/vicente\/wp-json\/wp\/v2\/posts\/9486","targetHints":{"allow":["GET"]}}],"collection":[{"href":"https:\/\/blogs2.correiobraziliense.com.br\/vicente\/wp-json\/wp\/v2\/posts"}],"about":[{"href":"https:\/\/blogs2.correiobraziliense.com.br\/vicente\/wp-json\/wp\/v2\/types\/post"}],"author":[{"embeddable":true,"href":"https:\/\/blogs2.correiobraziliense.com.br\/vicente\/wp-json\/wp\/v2\/users\/22"}],"replies":[{"embeddable":true,"href":"https:\/\/blogs2.correiobraziliense.com.br\/vicente\/wp-json\/wp\/v2\/comments?post=9486"}],"version-history":[{"count":1,"href":"https:\/\/blogs2.correiobraziliense.com.br\/vicente\/wp-json\/wp\/v2\/posts\/9486\/revisions"}],"predecessor-version":[{"id":9487,"href":"https:\/\/blogs2.correiobraziliense.com.br\/vicente\/wp-json\/wp\/v2\/posts\/9486\/revisions\/9487"}],"wp:attachment":[{"href":"https:\/\/blogs2.correiobraziliense.com.br\/vicente\/wp-json\/wp\/v2\/media?parent=9486"}],"wp:term":[{"taxonomy":"category","embeddable":true,"href":"https:\/\/blogs2.correiobraziliense.com.br\/vicente\/wp-json\/wp\/v2\/categories?post=9486"},{"taxonomy":"post_tag","embeddable":true,"href":"https:\/\/blogs2.correiobraziliense.com.br\/vicente\/wp-json\/wp\/v2\/tags?post=9486"}],"curies":[{"name":"wp","href":"https:\/\/api.w.org\/{rel}","templated":true}]}}