{"id":9488,"date":"2018-12-19T10:01:05","date_gmt":"2018-12-19T12:01:05","guid":{"rendered":"https:\/\/blogs2.correiobraziliense.com.br\/vicente\/?p=9488"},"modified":"2018-12-19T11:33:24","modified_gmt":"2018-12-19T13:33:24","slug":"paulo-guedes-mitou-dizem-assessores-do-ministro-sobre-cortes-no-sistema-s","status":"publish","type":"post","link":"https:\/\/blogs2.correiobraziliense.com.br\/vicente\/paulo-guedes-mitou-dizem-assessores-do-ministro-sobre-cortes-no-sistema-s\/","title":{"rendered":"Paulo Guedes &#8220;mitou&#8221;, dizem assessores do ministro sobre cortes no Sistema S"},"content":{"rendered":"<h2>ALESSANDRA AZEVEDO<\/h2>\n<h2><\/h2>\n<h2>Integrantes da equipe econ\u00f4mica do governo Bolsonaro entraram em \u00eaxtase depois da declara\u00e7\u00e3o do chefe, Paulo Guedes, sobre a redu\u00e7\u00e3o de at\u00e9 50% dos repasses de recursos para o Sistema S.<\/h2>\n<p>&nbsp;<\/p>\n<p>\u201cMitou\u201d, disse um dos mais pr\u00f3ximos auxiliares do futuro ministro da Economia. \u201cFelizmente, algu\u00e9m resolveu acabar com a farra do empresariado\u201d, acrescentou outro t\u00e9cnico.<\/p>\n<p>&nbsp;<\/p>\n<p>Bolsonaro, por sinal, mandou parabenizar o subordinado, um forte sinal de que n\u00e3o recuar\u00e1 na proposta de reduzir a bilion\u00e1ria conta que irriga o caixa de federa\u00e7\u00f5es e confedera\u00e7\u00f5es com recursos recolhidos sobre a folha de pagamento das empresas.<\/p>\n<p>&nbsp;<\/p>\n<p>O clima entre os empres\u00e1rios \u00e9 de perplexidade. Eles acreditam, por\u00e9m, que poder\u00e3o conter a sanha de Paulo Guedes de passar a faca no sistema S. O ano de 2019 promete.<\/p>\n<p>&nbsp;<\/p>\n<p><em>Bras\u00edlia, 10h01min<\/em><\/p>\n","protected":false},"excerpt":{"rendered":"<p>ALESSANDRA AZEVEDO Integrantes da equipe econ\u00f4mica do governo Bolsonaro entraram em \u00eaxtase depois da declara\u00e7\u00e3o do chefe, Paulo Guedes, sobre a redu\u00e7\u00e3o de at\u00e9 50% dos repasses de recursos para o Sistema S. &nbsp; \u201cMitou\u201d, disse um dos mais pr\u00f3ximos auxiliares do futuro ministro da Economia. \u201cFelizmente, algu\u00e9m resolveu acabar com a farra do empresariado\u201d, [&hellip;]<\/p>\n","protected":false},"author":22,"featured_media":0,"comment_status":"open","ping_status":"closed","sticky":false,"template":"","format":"standard","meta":{"wpb_read_more":[],"footnotes":""},"categories":[600],"tags":[],"class_list":["post-9488","post","type-post","status-publish","format-standard","hentry","category-economia"],"_links":{"self":[{"href":"https:\/\/blogs2.correiobraziliense.com.br\/vicente\/wp-json\/wp\/v2\/posts\/9488","targetHints":{"allow":["GET"]}}],"collection":[{"href":"https:\/\/blogs2.correiobraziliense.com.br\/vicente\/wp-json\/wp\/v2\/posts"}],"about":[{"href":"https:\/\/blogs2.correiobraziliense.com.br\/vicente\/wp-json\/wp\/v2\/types\/post"}],"author":[{"embeddable":true,"href":"https:\/\/blogs2.correiobraziliense.com.br\/vicente\/wp-json\/wp\/v2\/users\/22"}],"replies":[{"embeddable":true,"href":"https:\/\/blogs2.correiobraziliense.com.br\/vicente\/wp-json\/wp\/v2\/comments?post=9488"}],"version-history":[{"count":1,"href":"https:\/\/blogs2.correiobraziliense.com.br\/vicente\/wp-json\/wp\/v2\/posts\/9488\/revisions"}],"predecessor-version":[{"id":9489,"href":"https:\/\/blogs2.correiobraziliense.com.br\/vicente\/wp-json\/wp\/v2\/posts\/9488\/revisions\/9489"}],"wp:attachment":[{"href":"https:\/\/blogs2.correiobraziliense.com.br\/vicente\/wp-json\/wp\/v2\/media?parent=9488"}],"wp:term":[{"taxonomy":"category","embeddable":true,"href":"https:\/\/blogs2.correiobraziliense.com.br\/vicente\/wp-json\/wp\/v2\/categories?post=9488"},{"taxonomy":"post_tag","embeddable":true,"href":"https:\/\/blogs2.correiobraziliense.com.br\/vicente\/wp-json\/wp\/v2\/tags?post=9488"}],"curies":[{"name":"wp","href":"https:\/\/api.w.org\/{rel}","templated":true}]}}