{"id":949,"date":"2016-05-11T19:08:00","date_gmt":"2016-05-11T22:08:00","guid":{"rendered":"https:\/\/blogs2.correiobraziliense.com.br\/vicente\/?p=949"},"modified":"2016-05-11T19:08:00","modified_gmt":"2016-05-11T22:08:00","slug":"ilan-ja-nao-esta-dando-expediente-no-itau","status":"publish","type":"post","link":"https:\/\/blogs2.correiobraziliense.com.br\/vicente\/ilan-ja-nao-esta-dando-expediente-no-itau\/","title":{"rendered":"ILAN N\u00c3O DEU EXPEDIENTE HOJE NO ITA\u00da"},"content":{"rendered":"<p>Prov\u00e1vel presidente do Banco Central, o economista Ilan Goldfajn n\u00e3o compareceu hoje ao trabalho no Ita\u00fa Unibanco, onde chefia o departamento econ\u00f4mico. A amigos, disse que est\u00e1 preparando a sua ida para o governo de Michel Temer, que deve ser empossado nesta quinta-feira, assim que o Senado afastar a presidente Dilma Rousseff.<\/p>\n<p>&nbsp;<\/p>\n<p>Ilan sabe o tamanho de desafio que tem pela frente. A infla\u00e7\u00e3o continua alta, acima de 9% no acumulado de 12 meses, mas o Produto Interno Bruto (PIB) est\u00e1 derretendo. Olhando apenas para o custo de vida, n\u00e3o h\u00e1 como pensar em redu\u00e7\u00e3o da taxa b\u00e1sica de juros (Selic), que est\u00e1 em 14,25% ao ano. Mas, com a forte contra\u00e7\u00e3o da atividade, um afrouxo monet\u00e1rio se faz necess\u00e1rio.<\/p>\n<p>&nbsp;<\/p>\n<p>A ideia do virtual ministro da Fazenda, Henrique Meirelles, que fez o convite a Ilan, \u00e9 anunciar o nome do presidente do BC tendo, em m\u00e3os, uma Proposta de Emenda Constitucional (PEC) que garanta foro privilegiado aos diretores da autoridade monet\u00e1ria, j\u00e1 que a institui\u00e7\u00e3o perder\u00e1 status de minist\u00e9rio em pouco tempo.<\/p>\n<p>&nbsp;<\/p>\n<p><em>Bras\u00edlia, 19h05min<\/em><\/p>\n","protected":false},"excerpt":{"rendered":"<p>Prov\u00e1vel presidente do Banco Central, o economista Ilan Goldfajn n\u00e3o compareceu hoje ao trabalho no Ita\u00fa Unibanco, onde chefia o departamento econ\u00f4mico. A amigos, disse que est\u00e1 preparando a sua ida para o governo de Michel Temer, que deve ser empossado nesta quinta-feira, assim que o Senado afastar a presidente Dilma Rousseff. &nbsp; Ilan sabe [&hellip;]<\/p>\n","protected":false},"author":22,"featured_media":0,"comment_status":"open","ping_status":"closed","sticky":false,"template":"","format":"standard","meta":{"wpb_read_more":[],"footnotes":""},"categories":[1],"tags":[],"class_list":["post-949","post","type-post","status-publish","format-standard","hentry","category-sem-categoria"],"_links":{"self":[{"href":"https:\/\/blogs2.correiobraziliense.com.br\/vicente\/wp-json\/wp\/v2\/posts\/949","targetHints":{"allow":["GET"]}}],"collection":[{"href":"https:\/\/blogs2.correiobraziliense.com.br\/vicente\/wp-json\/wp\/v2\/posts"}],"about":[{"href":"https:\/\/blogs2.correiobraziliense.com.br\/vicente\/wp-json\/wp\/v2\/types\/post"}],"author":[{"embeddable":true,"href":"https:\/\/blogs2.correiobraziliense.com.br\/vicente\/wp-json\/wp\/v2\/users\/22"}],"replies":[{"embeddable":true,"href":"https:\/\/blogs2.correiobraziliense.com.br\/vicente\/wp-json\/wp\/v2\/comments?post=949"}],"version-history":[{"count":1,"href":"https:\/\/blogs2.correiobraziliense.com.br\/vicente\/wp-json\/wp\/v2\/posts\/949\/revisions"}],"predecessor-version":[{"id":950,"href":"https:\/\/blogs2.correiobraziliense.com.br\/vicente\/wp-json\/wp\/v2\/posts\/949\/revisions\/950"}],"wp:attachment":[{"href":"https:\/\/blogs2.correiobraziliense.com.br\/vicente\/wp-json\/wp\/v2\/media?parent=949"}],"wp:term":[{"taxonomy":"category","embeddable":true,"href":"https:\/\/blogs2.correiobraziliense.com.br\/vicente\/wp-json\/wp\/v2\/categories?post=949"},{"taxonomy":"post_tag","embeddable":true,"href":"https:\/\/blogs2.correiobraziliense.com.br\/vicente\/wp-json\/wp\/v2\/tags?post=949"}],"curies":[{"name":"wp","href":"https:\/\/api.w.org\/{rel}","templated":true}]}}