{"id":9490,"date":"2018-12-19T11:05:23","date_gmt":"2018-12-19T13:05:23","guid":{"rendered":"https:\/\/blogs2.correiobraziliense.com.br\/vicente\/?p=9490"},"modified":"2018-12-19T11:37:54","modified_gmt":"2018-12-19T13:37:54","slug":"em-fim-de-mandato-deputados-correm-para-gastar-cotas-parlamentares","status":"publish","type":"post","link":"https:\/\/blogs2.correiobraziliense.com.br\/vicente\/em-fim-de-mandato-deputados-correm-para-gastar-cotas-parlamentares\/","title":{"rendered":"Em fim de mandato, deputados correm para gastar cotas parlamentares"},"content":{"rendered":"<h2>ALESSANDRA AZEVEDO<\/h2>\n<h2><\/h2>\n<h2>Os parlamentares est\u00e3o correndo para gastar o dinheiro da cota parlamentar a que ainda t\u00eam direito, antes que o ano acabe. O valor \u00e9 como se fosse um sal\u00e1rio extra que eles recebem todo m\u00eas para custear despesas \u201cexclusivamente vinculadas ao exerc\u00edcio da atividade parlamentar\u201d. Na C\u00e2mara dos Deputados, varia de R$ 30,8 mil a R$ 44,6 mil mensais, de acordo com a dist\u00e2ncia entre o estado do deputado e Bras\u00edlia. E \u00e9 cumulativo: se n\u00e3o usar tudo em um m\u00eas, pode aproveitar no outro, at\u00e9 o fim do ano. Se toda a verba for \u201caproveitada\u201d, d\u00e1 um gasto de pelo menos R$ 200 milh\u00f5es por ano, al\u00e9m dos sal\u00e1rios.<\/h2>\n<p>&nbsp;<\/p>\n<p>Os 157 deputados que n\u00e3o foram reeleitos usaram quase R$ 6 milh\u00f5es desse cofrinho desde novembro, depois das elei\u00e7\u00f5es. Embora alguns tenham pedido reembolso por gastos de R$ 20 com almo\u00e7o, a maioria do dinheiro foi para divulga\u00e7\u00e3o de atividade parlamentar, o que gera curiosidade, j\u00e1 que boa parte n\u00e3o prop\u00f4s ou relatou nenhum projeto ao longo dos quatro anos de mandato. Teve deputado que pediu R$ 120 mil para encomendar panfletos e outros tipos de material de divulga\u00e7\u00e3o s\u00f3 na primeira quinzena de dezembro.<\/p>\n<p>&nbsp;<\/p>\n<p>Alguns gastaram mais nas \u00faltimas semanas do que nos quatro meses anteriores somados. Em novembro, os deputados chegaram a torrar R$ 135 mil em um s\u00f3 m\u00eas para n\u00e3o perder o resto do benef\u00edcio. Funcion\u00e1rios da C\u00e2mara contam que a pr\u00e1tica \u00e9 comum at\u00e9 entre os reeleitos, j\u00e1 que, no ano seguinte, a contagem come\u00e7a do zero. O que explica \u2014 mas n\u00e3o justifica \u2014 os gastos de mais de R$ 20 mil com passagens a\u00e9reas em 15 dias. As passagens em decorr\u00eancia do mandato n\u00e3o s\u00e3o t\u00e3o justific\u00e1veis no fim do ano, porque quase n\u00e3o tem sess\u00e3o deliberativa (de presen\u00e7a obrigat\u00f3ria). Teoricamente, esse dinheiro seria para ir e vir dos estados de origem at\u00e9 a capital.<\/p>\n<p>&nbsp;<\/p>\n<p><em>Bras\u00edlia, 11h05min<\/em><\/p>\n","protected":false},"excerpt":{"rendered":"<p>ALESSANDRA AZEVEDO Os parlamentares est\u00e3o correndo para gastar o dinheiro da cota parlamentar a que ainda t\u00eam direito, antes que o ano acabe. O valor \u00e9 como se fosse um sal\u00e1rio extra que eles recebem todo m\u00eas para custear despesas \u201cexclusivamente vinculadas ao exerc\u00edcio da atividade parlamentar\u201d. Na C\u00e2mara dos Deputados, varia de R$ 30,8 [&hellip;]<\/p>\n","protected":false},"author":22,"featured_media":0,"comment_status":"open","ping_status":"closed","sticky":false,"template":"","format":"standard","meta":{"wpb_read_more":[],"footnotes":""},"categories":[600],"tags":[],"class_list":["post-9490","post","type-post","status-publish","format-standard","hentry","category-economia"],"_links":{"self":[{"href":"https:\/\/blogs2.correiobraziliense.com.br\/vicente\/wp-json\/wp\/v2\/posts\/9490","targetHints":{"allow":["GET"]}}],"collection":[{"href":"https:\/\/blogs2.correiobraziliense.com.br\/vicente\/wp-json\/wp\/v2\/posts"}],"about":[{"href":"https:\/\/blogs2.correiobraziliense.com.br\/vicente\/wp-json\/wp\/v2\/types\/post"}],"author":[{"embeddable":true,"href":"https:\/\/blogs2.correiobraziliense.com.br\/vicente\/wp-json\/wp\/v2\/users\/22"}],"replies":[{"embeddable":true,"href":"https:\/\/blogs2.correiobraziliense.com.br\/vicente\/wp-json\/wp\/v2\/comments?post=9490"}],"version-history":[{"count":1,"href":"https:\/\/blogs2.correiobraziliense.com.br\/vicente\/wp-json\/wp\/v2\/posts\/9490\/revisions"}],"predecessor-version":[{"id":9491,"href":"https:\/\/blogs2.correiobraziliense.com.br\/vicente\/wp-json\/wp\/v2\/posts\/9490\/revisions\/9491"}],"wp:attachment":[{"href":"https:\/\/blogs2.correiobraziliense.com.br\/vicente\/wp-json\/wp\/v2\/media?parent=9490"}],"wp:term":[{"taxonomy":"category","embeddable":true,"href":"https:\/\/blogs2.correiobraziliense.com.br\/vicente\/wp-json\/wp\/v2\/categories?post=9490"},{"taxonomy":"post_tag","embeddable":true,"href":"https:\/\/blogs2.correiobraziliense.com.br\/vicente\/wp-json\/wp\/v2\/tags?post=9490"}],"curies":[{"name":"wp","href":"https:\/\/api.w.org\/{rel}","templated":true}]}}