{"id":9492,"date":"2018-12-20T10:10:05","date_gmt":"2018-12-20T12:10:05","guid":{"rendered":"https:\/\/blogs2.correiobraziliense.com.br\/vicente\/?p=9492"},"modified":"2018-12-20T12:29:05","modified_gmt":"2018-12-20T14:29:05","slug":"coreia-do-norte-foi-convidada-para-a-posse-de-bolsonaro","status":"publish","type":"post","link":"https:\/\/blogs2.correiobraziliense.com.br\/vicente\/coreia-do-norte-foi-convidada-para-a-posse-de-bolsonaro\/","title":{"rendered":"Coreia do Norte foi convidada para a posse de Bolsonaro"},"content":{"rendered":"<h2>RENATO SOUZA<\/h2>\n<h2><\/h2>\n<h2>O Minist\u00e9rio de Rela\u00e7\u00f5es Exteriores (Itamaraty) confirmou\u00a0 ao <strong>Blog<\/strong> que representantes da Rep\u00fablica Democr\u00e1tica Popular da Coreia, a Coreia do Norte, foram convidados para a posse do presidente eleito, Jair Bolsonaro, em 1\u00ba de janeiro. Usando como argumento que se tratam de ditaduras, Bolsonaro e seus representantes desconvidaram os governos da Venezuela e de Cuba para a cerim\u00f4nia.<\/h2>\n<p>&nbsp;<\/p>\n<p><a href=\"https:\/\/blogs2.correiobraziliense.com.br\/vicente\/wp-content\/uploads\/sites\/16\/2018\/12\/Kim.jpg\"><img loading=\"lazy\" decoding=\"async\" class=\"alignnone size-full wp-image-9494\" src=\"https:\/\/blogs2.correiobraziliense.com.br\/vicente\/wp-content\/uploads\/sites\/16\/2018\/12\/Kim.jpg\" alt=\"\" width=\"800\" height=\"542\" srcset=\"https:\/\/blogs2.correiobraziliense.com.br\/vicente\/wp-content\/uploads\/sites\/16\/2018\/12\/Kim.jpg 800w, https:\/\/blogs2.correiobraziliense.com.br\/vicente\/wp-content\/uploads\/sites\/16\/2018\/12\/Kim-300x203.jpg 300w, https:\/\/blogs2.correiobraziliense.com.br\/vicente\/wp-content\/uploads\/sites\/16\/2018\/12\/Kim-768x520.jpg 768w, https:\/\/blogs2.correiobraziliense.com.br\/vicente\/wp-content\/uploads\/sites\/16\/2018\/12\/Kim-350x237.jpg 350w, https:\/\/blogs2.correiobraziliense.com.br\/vicente\/wp-content\/uploads\/sites\/16\/2018\/12\/Kim-550x373.jpg 550w, https:\/\/blogs2.correiobraziliense.com.br\/vicente\/wp-content\/uploads\/sites\/16\/2018\/12\/Kim-230x156.jpg 230w\" sizes=\"auto, (max-width: 800px) 100vw, 800px\" \/><\/a><\/p>\n<p>&nbsp;<\/p>\n<p>No entanto, o governo norte-coreano, um dos regimes mais fechados do mundo, permanece na lista de convidados. O Brasil \u00e9 um dos poucos pa\u00edses que mant\u00eam rela\u00e7\u00f5es diplom\u00e1ticas com a Coreia do Norte. Procurado pelo <strong>Blog<\/strong>, o Itamaraty informou que &#8220;foram convidados para a cerim\u00f4nia de posse presidencial pa\u00edses com os quais o Brasil mant\u00e9m rela\u00e7\u00f5es diplom\u00e1ticas, incluindo aquele citado em sua mensagem (Coreia do Norte)&#8221;.<\/p>\n<p>&nbsp;<\/p>\n<blockquote><p>Pa\u00eds mant\u00e9m 2,6 milh\u00f5es de escravos e \u00e9 controlado pela mesma fam\u00edlia desde 1948<\/p><\/blockquote>\n<p>&nbsp;<\/p>\n<p>A regra para o convite extensivo foi definida pela equipe de Bolsonaro, e a organiza\u00e7\u00e3o da cerim\u00f4nia ocorre com a participa\u00e7\u00e3o de integrantes do atual e do futuro governo. O regime comunista de Kim Jong-un \u00e9 constantemente criticado pela comunidade internacional por viola\u00e7\u00f5es dos direitos humanos e civis de seus cidad\u00e3os e estrangeiros.<\/p>\n<p>&nbsp;<\/p>\n<p>De acordo com um relat\u00f3rio das Na\u00e7\u00f5es Unidas, divulgado pela funda\u00e7\u00e3o Walk Free, a Coreia do Norte mant\u00e9m 2,6 milh\u00f5es de pessoas em situa\u00e7\u00e3o de escravos. A maior parte desse contingente \u00e9 de cidad\u00e3os que s\u00e3o obrigados pelo Estado a realizarem trabalhos for\u00e7ados.<\/p>\n<p>&nbsp;<\/p>\n<p>Na gest\u00e3o de Kim Jong-un, a for\u00e7a de trabalho escrava \u00e9 parte da economia do pa\u00eds. Al\u00e9m disso, praticamente n\u00e3o existe liberdade de imprensa no pa\u00eds e, desde cedo, as crian\u00e7as s\u00e3o ensinadas a admirar o ditador nas escolas, al\u00e9m de receberem informa\u00e7\u00f5es deturpadas sobre a pol\u00edtica global. O acesso \u00e0 internet \u00e9 praticamente escasso para habitantes locais e todas as religi\u00f5es s\u00e3o proibidas.<\/p>\n<p>&nbsp;<\/p>\n<p>Em 2014, Kim, que comanda o regime mais fechado do mundo, foi eleito presidente com 100% dos votos, de acordo com a ag\u00eancia estatal de not\u00edcias KCNA. A fam\u00edlia dele est\u00e1 no poder desde 1948.<\/p>\n<p>&nbsp;<\/p>\n<p><em>Bras\u00edlia, 10h10min<\/em><\/p>\n","protected":false},"excerpt":{"rendered":"<p>RENATO SOUZA O Minist\u00e9rio de Rela\u00e7\u00f5es Exteriores (Itamaraty) confirmou\u00a0 ao Blog que representantes da Rep\u00fablica Democr\u00e1tica Popular da Coreia, a Coreia do Norte, foram convidados para a posse do presidente eleito, Jair Bolsonaro, em 1\u00ba de janeiro. Usando como argumento que se tratam de ditaduras, Bolsonaro e seus representantes desconvidaram os governos da Venezuela e [&hellip;]<\/p>\n","protected":false},"author":22,"featured_media":0,"comment_status":"open","ping_status":"closed","sticky":false,"template":"","format":"standard","meta":{"wpb_read_more":[],"footnotes":""},"categories":[600],"tags":[],"class_list":["post-9492","post","type-post","status-publish","format-standard","hentry","category-economia"],"_links":{"self":[{"href":"https:\/\/blogs2.correiobraziliense.com.br\/vicente\/wp-json\/wp\/v2\/posts\/9492","targetHints":{"allow":["GET"]}}],"collection":[{"href":"https:\/\/blogs2.correiobraziliense.com.br\/vicente\/wp-json\/wp\/v2\/posts"}],"about":[{"href":"https:\/\/blogs2.correiobraziliense.com.br\/vicente\/wp-json\/wp\/v2\/types\/post"}],"author":[{"embeddable":true,"href":"https:\/\/blogs2.correiobraziliense.com.br\/vicente\/wp-json\/wp\/v2\/users\/22"}],"replies":[{"embeddable":true,"href":"https:\/\/blogs2.correiobraziliense.com.br\/vicente\/wp-json\/wp\/v2\/comments?post=9492"}],"version-history":[{"count":2,"href":"https:\/\/blogs2.correiobraziliense.com.br\/vicente\/wp-json\/wp\/v2\/posts\/9492\/revisions"}],"predecessor-version":[{"id":9495,"href":"https:\/\/blogs2.correiobraziliense.com.br\/vicente\/wp-json\/wp\/v2\/posts\/9492\/revisions\/9495"}],"wp:attachment":[{"href":"https:\/\/blogs2.correiobraziliense.com.br\/vicente\/wp-json\/wp\/v2\/media?parent=9492"}],"wp:term":[{"taxonomy":"category","embeddable":true,"href":"https:\/\/blogs2.correiobraziliense.com.br\/vicente\/wp-json\/wp\/v2\/categories?post=9492"},{"taxonomy":"post_tag","embeddable":true,"href":"https:\/\/blogs2.correiobraziliense.com.br\/vicente\/wp-json\/wp\/v2\/tags?post=9492"}],"curies":[{"name":"wp","href":"https:\/\/api.w.org\/{rel}","templated":true}]}}