{"id":95,"date":"2015-04-25T00:10:00","date_gmt":"2015-04-25T03:10:00","guid":{"rendered":"https:\/\/blogs2.correiobraziliense.com.br\/vicente\/corrupcao_e_falta_de_transparencia\/"},"modified":"2015-04-25T00:10:00","modified_gmt":"2015-04-25T03:10:00","slug":"corrupcao_e_falta_de_transparencia","status":"publish","type":"post","link":"https:\/\/blogs2.correiobraziliense.com.br\/vicente\/corrupcao_e_falta_de_transparencia\/","title":{"rendered":"CORRUP\u00c7\u00c3O E FALTA DE TRANSPAR\u00caNCIA"},"content":{"rendered":"\n<p>Assim que tomaram posse, os ministros da Fazenda, Joaquim Levy, e do Planejamento, Nelson Barbosa, anunciaram novos tempos na economia. Al\u00e9m de medidas fundamentais para arrumar a casa e reverter todo o estrago provocado nos quatro primeiros anos do governo de Dilma Rousseff, como a meta de superavit prim\u00e1rio de 1,2% do Produto Interno Bruto (PIB), comprometeram-se com um valor fundamental para um pa\u00eds que, dia ap\u00f3s dia, vem sem deparando com den\u00fancias de corrup\u00e7\u00e3o: dar transpar\u00eancia \u00e0 administra\u00e7\u00e3o p\u00fablica.   <\/p>\n<p>Depois de quase cinco meses no cargo, nem Levy nem Barbosa d\u00e3o demonstra\u00e7\u00f5es claras de que v\u00e3o cumprir o que prometerem no quesito transpar\u00eancia. As pastas que comandam continuam funcionando como verdadeiras caixas-pretas. Conseguir informa\u00e7\u00f5es relevantes \u00e0 sociedade \u00e9 quase imposs\u00edvel, sobretudo se os dados desvendarem mamatas e o descalabro em v\u00e1rias \u00e1reas do governo.   <\/p>\n<p>Tente, por exemplo, saber da Fazenda e do Planejamento quantos s\u00e3o os assentos que o governo tem em empresas estatais, cargos que s\u00e3o repartidos entre um grupo restrito de servidores p\u00fablicos e indicados pol\u00edticos selecionados pelo Pal\u00e1cio do Planalto. Cobre do Departamento de Controle das Estatais (Dest), \u00f3rg\u00e3o vinculado a Barbosa, informa\u00e7\u00f5es sobre as empresas que v\u00eam colocando em risco o ajuste fiscal. No m\u00e1ximo, receber\u00e1 respostas gen\u00e9ricas, que desrespeitam a intelig\u00eancia.   <\/p>\n<p>\u00c9 inaceit\u00e1vel que seja assim. O mais assustador, por\u00e9m, \u00e9 que n\u00e3o h\u00e1 perspectiva de mudan\u00e7a. A m\u00e1quina p\u00fablica foi constru\u00edda para facilitar malfeitos, viabilizar grupos com o objetivo claro de enriquecer \u00e0s custas dos contribuintes. Transpar\u00eancia n\u00e3o combina com esses interesses escusos. Pode ser que at\u00e9 Levy e Barbosa venham a surpreender ao romper com esse modelo nefasto. Os dias est\u00e3o correndo. Enquanto mantiverem os olhos fechados, os malfeitos prevalecer\u00e3o e milh\u00f5es de reais continuar\u00e3o escorrendo diariamente pelos ralos da corrup\u00e7\u00e3o.  <\/p>\n<p>O custo da falta de transpar\u00eancia para o pa\u00eds \u00e9 elevado. Em semin\u00e1rio ontem, Cristiano Herckert, secret\u00e1rio de Log\u00edstica e Tecnologia da Informa\u00e7\u00e3o do Minist\u00e9rio do Planejamento, foi enf\u00e1tico: \u201cAbrir dados \u00e9 uma forma de gerar desenvolvimento econ\u00f4mico e social para nosso pa\u00eds\u201d. Pena que nem mesmo os colegas de trabalho dele acreditem nisso. Se acreditassem, contribuiriam para a grande revolu\u00e7\u00e3o que todos anseiam: um governo que n\u00e3o tem medo de se mostrar.   <\/p>\n<p><b>Fundos contratam Bank of America<\/b>   <\/p>\n<p>\u00bb Os tr\u00eas fundos de pens\u00e3o que participam do controle da Invepar contrataram o Bank of America Merril Lynch. Miss\u00e3o: analisar a possibilidade de eles assumirem os quase 25% que a OAS tem na empresa que administra as concess\u00f5es do Aeroporto de Guarulhos e da BR-040.<b>   <\/p>\n<p>Prazo para comprar a\u00e7\u00f5es<\/b>   <\/p>\n<p>\u00bb Funcef (dos empregados da Caixa Econ\u00f4mica Federal), Previ (do Banco do Brasil) e Petros (da Petrobras) fixaram outubro como prazo final para exercerem ou n\u00e3o o direito de prefer\u00eancia na compra da participa\u00e7\u00e3o da OAS na Invepar.   <\/p>\n<p><b>Nas m\u00e3os do juiz<\/b>   <\/p>\n<p>\u00bb A decis\u00e3o dos tr\u00eas fundos de pens\u00e3o sobre a Invepar depende, sobretudo, do juiz respons\u00e1vel pelo pedido de recupera\u00e7\u00e3o judicial da OAS, que quase quebrou depois de ser pega no esquema de corrup\u00e7\u00e3o na Petrobras descoberto por meio da Opera\u00e7\u00e3o Lava-Jato.   <\/p>\n<p><b>Opera\u00e7\u00e3o tempor\u00e1ria<\/b>   <\/p>\n<p>\u00bb Mesmo que fiquem com os quase 25% da OAS na Invepar, Funcef, Previ e Petros ter\u00e3o prazo de dois anos para passar as a\u00e7\u00f5es da empresa adiante. \u00c9 que, por lei, as funda\u00e7\u00f5es n\u00e3o podem deter mais do que 25% do capital da concession\u00e1ria. Os tr\u00eas fundos j\u00e1 est\u00e3o nesse limite.<b>   <\/p>\n<p>D\u00e9bitos de R$ 1,438 tri<\/b>   <\/p>\n<p>\u00bb Os brasileiros encerraram o primeiro trimestre do ano devendo R$ 1,438 trilh\u00e3o aos bancos. O saldo representa crescimento de 5,2% nos \u00faltimos 12 meses. Os consumidores est\u00e3o fazendo d\u00edvidas mesmo com as taxas de juros atingindo os n\u00edveis mais altos desde mar\u00e7o de 2011.   <\/p>\n<p><b>Caf\u00e9 salgado<\/b>   <\/p>\n<p>\u00bb Os servidores do Minist\u00e9rio da Fazenda est\u00e3o assustados com a infla\u00e7\u00e3o do cafezinho, que chegou com tudo. O pre\u00e7o da bebida na lanchonete do t\u00e9rreo do Bloco P da Esplanada passou de R$ 2 para R$ 3 nos \u00faltimos 12 meses. Ou seja, deu um salto de 50%. No mesmo per\u00edodo, o \u00cdndice de Pre\u00e7os ao Consumidor Amplo (IPCA) subiu pouco mais de 8%.   <\/p>\n<p>Bras\u00edlia, 00h10   <\/p>\n","protected":false},"excerpt":{"rendered":"<p>Assim que tomaram posse, os ministros da Fazenda, Joaquim Levy, e do Planejamento, Nelson Barbosa, anunciaram novos tempos na economia. Al\u00e9m de medidas fundamentais para arrumar a casa e reverter todo o estrago provocado nos quatro primeiros anos do governo de Dilma Rousseff, como a meta de superavit prim\u00e1rio de 1,2% do Produto Interno Bruto [&hellip;]<\/p>\n","protected":false},"author":22,"featured_media":0,"comment_status":"open","ping_status":"open","sticky":false,"template":"","format":"standard","meta":{"wpb_read_more":[],"footnotes":""},"categories":[1],"tags":[],"class_list":["post-95","post","type-post","status-publish","format-standard","hentry","category-sem-categoria"],"_links":{"self":[{"href":"https:\/\/blogs2.correiobraziliense.com.br\/vicente\/wp-json\/wp\/v2\/posts\/95","targetHints":{"allow":["GET"]}}],"collection":[{"href":"https:\/\/blogs2.correiobraziliense.com.br\/vicente\/wp-json\/wp\/v2\/posts"}],"about":[{"href":"https:\/\/blogs2.correiobraziliense.com.br\/vicente\/wp-json\/wp\/v2\/types\/post"}],"author":[{"embeddable":true,"href":"https:\/\/blogs2.correiobraziliense.com.br\/vicente\/wp-json\/wp\/v2\/users\/22"}],"replies":[{"embeddable":true,"href":"https:\/\/blogs2.correiobraziliense.com.br\/vicente\/wp-json\/wp\/v2\/comments?post=95"}],"version-history":[{"count":0,"href":"https:\/\/blogs2.correiobraziliense.com.br\/vicente\/wp-json\/wp\/v2\/posts\/95\/revisions"}],"wp:attachment":[{"href":"https:\/\/blogs2.correiobraziliense.com.br\/vicente\/wp-json\/wp\/v2\/media?parent=95"}],"wp:term":[{"taxonomy":"category","embeddable":true,"href":"https:\/\/blogs2.correiobraziliense.com.br\/vicente\/wp-json\/wp\/v2\/categories?post=95"},{"taxonomy":"post_tag","embeddable":true,"href":"https:\/\/blogs2.correiobraziliense.com.br\/vicente\/wp-json\/wp\/v2\/tags?post=95"}],"curies":[{"name":"wp","href":"https:\/\/api.w.org\/{rel}","templated":true}]}}