{"id":9504,"date":"2018-12-20T19:12:15","date_gmt":"2018-12-20T21:12:15","guid":{"rendered":"https:\/\/blogs2.correiobraziliense.com.br\/vicente\/?p=9504"},"modified":"2018-12-20T19:12:53","modified_gmt":"2018-12-20T21:12:53","slug":"levy-monta-gabinete-no-bndes-e-despacha-com-ex-assessores","status":"publish","type":"post","link":"https:\/\/blogs2.correiobraziliense.com.br\/vicente\/levy-monta-gabinete-no-bndes-e-despacha-com-ex-assessores\/","title":{"rendered":"Levy monta gabinete no BNDES e despacha com ex-assessores"},"content":{"rendered":"<h2>ROSANA HESSEL<\/h2>\n<h2>O futuro presidente do Banco Nacional de Desenvolvimento Econ\u00f4mico e Social (BNDES), Joaquim Levy, j\u00e1 come\u00e7ou a despachar na sede da institui\u00e7\u00e3o, no Rio de Janeiro, antes mesmo de o novo governo come\u00e7ar.<\/h2>\n<p>&nbsp;<\/p>\n<p>O ex-ministro da Fazenda levou, inclusive, dois escudeiros da \u00e9poca em que chefiou a equipe econ\u00f4mica de Dilma Rousseff durante 11 meses de 2015: Fabr\u00edcio Dantas, ex-secret\u00e1rio-executivo adjunto do ministro; e Marcella Campos, ex-chefe da assessoria econ\u00f4mica do gabinete.<\/p>\n<p>&nbsp;<\/p>\n<p>Levy e os assessores t\u00eam sido vistos pelos corredores do BNDES diariamente. O ex-ministro tem realizado reuni\u00f5es com a atual diretoria e com superintendentes da institui\u00e7\u00e3o e tamb\u00e9m despachado com o gabinete da presid\u00eancia do banco, atualmente comandado por Dyogo Oliveira, ex-ministro do Planejamento do governo Michel Temer.<\/p>\n<p>&nbsp;<\/p>\n<p>Formado pela Universidade de Chicago, Levy deixou a Fazenda no fim de 2015 e, em fevereiro do ano seguinte, foi para Banco Mundial para o cargo de diretor-geral e diretor financeiro da institui\u00e7\u00e3o. Ele segue a mesma cartilha do futuro ministro da Economia, Paulo Guedes, que frequentou a mesma escola.<\/p>\n<p>&nbsp;<\/p>\n<p>Dantas foi o interlocutor do ministro junto aos secret\u00e1rios estaduais de Fazenda no Conselho Nacional de Pol\u00edtica Fazend\u00e1ria (Confaz). Deixou o cargo pouco antes de o ministro sair do comando da pasta, no fim de 2015 e, atualmente, \u00e9 subsecret\u00e1rio de Fazenda do Rio de Janeiro para assuntos jur\u00eddicos. Marcella passou por Harvard e ficou na Fazenda entre mar\u00e7o de 2015 e junho de 2016. Atualmente, \u00e9 assessora da presid\u00eancia da Petrobras.<\/p>\n<p>&nbsp;<\/p>\n<p><em>Bras\u00edlia 18h50min<\/em><\/p>\n<p>&nbsp;<\/p>\n<p>&nbsp;<\/p>\n","protected":false},"excerpt":{"rendered":"<p>ROSANA HESSEL O futuro presidente do Banco Nacional de Desenvolvimento Econ\u00f4mico e Social (BNDES), Joaquim Levy, j\u00e1 come\u00e7ou a despachar na sede da institui\u00e7\u00e3o, no Rio de Janeiro, antes mesmo de o novo governo come\u00e7ar. &nbsp; O ex-ministro da Fazenda levou, inclusive, dois escudeiros da \u00e9poca em que chefiou a equipe econ\u00f4mica de Dilma Rousseff [&hellip;]<\/p>\n","protected":false},"author":22,"featured_media":0,"comment_status":"open","ping_status":"closed","sticky":false,"template":"","format":"standard","meta":{"wpb_read_more":[],"footnotes":""},"categories":[600],"tags":[89,15,3613],"class_list":["post-9504","post","type-post","status-publish","format-standard","hentry","category-economia","tag-bndes","tag-joaquim-levy","tag-paulo-guedes"],"_links":{"self":[{"href":"https:\/\/blogs2.correiobraziliense.com.br\/vicente\/wp-json\/wp\/v2\/posts\/9504","targetHints":{"allow":["GET"]}}],"collection":[{"href":"https:\/\/blogs2.correiobraziliense.com.br\/vicente\/wp-json\/wp\/v2\/posts"}],"about":[{"href":"https:\/\/blogs2.correiobraziliense.com.br\/vicente\/wp-json\/wp\/v2\/types\/post"}],"author":[{"embeddable":true,"href":"https:\/\/blogs2.correiobraziliense.com.br\/vicente\/wp-json\/wp\/v2\/users\/22"}],"replies":[{"embeddable":true,"href":"https:\/\/blogs2.correiobraziliense.com.br\/vicente\/wp-json\/wp\/v2\/comments?post=9504"}],"version-history":[{"count":1,"href":"https:\/\/blogs2.correiobraziliense.com.br\/vicente\/wp-json\/wp\/v2\/posts\/9504\/revisions"}],"predecessor-version":[{"id":9505,"href":"https:\/\/blogs2.correiobraziliense.com.br\/vicente\/wp-json\/wp\/v2\/posts\/9504\/revisions\/9505"}],"wp:attachment":[{"href":"https:\/\/blogs2.correiobraziliense.com.br\/vicente\/wp-json\/wp\/v2\/media?parent=9504"}],"wp:term":[{"taxonomy":"category","embeddable":true,"href":"https:\/\/blogs2.correiobraziliense.com.br\/vicente\/wp-json\/wp\/v2\/categories?post=9504"},{"taxonomy":"post_tag","embeddable":true,"href":"https:\/\/blogs2.correiobraziliense.com.br\/vicente\/wp-json\/wp\/v2\/tags?post=9504"}],"curies":[{"name":"wp","href":"https:\/\/api.w.org\/{rel}","templated":true}]}}