{"id":9508,"date":"2018-12-20T22:55:49","date_gmt":"2018-12-21T00:55:49","guid":{"rendered":"https:\/\/blogs2.correiobraziliense.com.br\/vicente\/?p=9508"},"modified":"2018-12-21T12:31:21","modified_gmt":"2018-12-21T14:31:21","slug":"de-saida-do-bndes-dyogo-oliveira-deve-ir-para-a-iniciativa-privada","status":"publish","type":"post","link":"https:\/\/blogs2.correiobraziliense.com.br\/vicente\/de-saida-do-bndes-dyogo-oliveira-deve-ir-para-a-iniciativa-privada\/","title":{"rendered":"De sa\u00edda do BNDES, Dyogo Oliveira deve ir para a iniciativa privada"},"content":{"rendered":"<h2>ROSANA HESSEL<\/h2>\n<h2><\/h2>\n<h2>O presidente do Banco Nacional de Desenvolvimento Econ\u00f4mico e Social (BNDES), Dyogo Oliveira, vai cumprir quarentena ap\u00f3s entregar o cargo para o ex-ministro da Fazenda de Dilma Rousseff, Joaquim Levy.<\/h2>\n<h2><\/h2>\n<h2>A posse de Levy est\u00e1 marcada para 7 de janeiro de 2019.<\/h2>\n<h2><\/h2>\n<h2>Oliveira recebeu v\u00e1rias sondagens de empresas e propostas do novo governo. Contudo, dever\u00e1 seguir para o setor privado.<\/h2>\n<p>&nbsp;<\/p>\n<p>Formado em economia pela Universidade de Bras\u00edlia (UnB), Oliveira \u00e9 servidor de carreira do Minist\u00e9rio da Ind\u00fastria, Com\u00e9rcio Exterior e Servi\u00e7os (Mdic). Ele passou pelos minist\u00e9rios da Fazenda e do Planejamento, onde foi ministro entre maio de 2016 e abril de 2018, quando saiu para chefiar o BNDES, substituindo o economista Paulo Rabello de Castro.<\/p>\n<p>&nbsp;<\/p>\n<p>Oliveira pretende deixar v\u00e1rias decis\u00f5es complexas que est\u00e3o na pauta do banco para o seu sucessor. O objetivo \u00e9 n\u00e3o criar atrito com a nova presid\u00eancia e permitir a Levy acompanhar as discuss\u00f5es desde o in\u00edcio.<\/p>\n<p>&nbsp;<\/p>\n<p><em>Bras\u00edlia, 22h52min<\/em><\/p>\n","protected":false},"excerpt":{"rendered":"<p>ROSANA HESSEL O presidente do Banco Nacional de Desenvolvimento Econ\u00f4mico e Social (BNDES), Dyogo Oliveira, vai cumprir quarentena ap\u00f3s entregar o cargo para o ex-ministro da Fazenda de Dilma Rousseff, Joaquim Levy. A posse de Levy est\u00e1 marcada para 7 de janeiro de 2019. Oliveira recebeu v\u00e1rias sondagens de empresas e propostas do novo governo. [&hellip;]<\/p>\n","protected":false},"author":22,"featured_media":0,"comment_status":"open","ping_status":"closed","sticky":false,"template":"","format":"standard","meta":{"wpb_read_more":[],"footnotes":""},"categories":[600],"tags":[89,84,15,3613],"class_list":["post-9508","post","type-post","status-publish","format-standard","hentry","category-economia","tag-bndes","tag-dyogo-oliveira","tag-joaquim-levy","tag-paulo-guedes"],"_links":{"self":[{"href":"https:\/\/blogs2.correiobraziliense.com.br\/vicente\/wp-json\/wp\/v2\/posts\/9508","targetHints":{"allow":["GET"]}}],"collection":[{"href":"https:\/\/blogs2.correiobraziliense.com.br\/vicente\/wp-json\/wp\/v2\/posts"}],"about":[{"href":"https:\/\/blogs2.correiobraziliense.com.br\/vicente\/wp-json\/wp\/v2\/types\/post"}],"author":[{"embeddable":true,"href":"https:\/\/blogs2.correiobraziliense.com.br\/vicente\/wp-json\/wp\/v2\/users\/22"}],"replies":[{"embeddable":true,"href":"https:\/\/blogs2.correiobraziliense.com.br\/vicente\/wp-json\/wp\/v2\/comments?post=9508"}],"version-history":[{"count":3,"href":"https:\/\/blogs2.correiobraziliense.com.br\/vicente\/wp-json\/wp\/v2\/posts\/9508\/revisions"}],"predecessor-version":[{"id":9511,"href":"https:\/\/blogs2.correiobraziliense.com.br\/vicente\/wp-json\/wp\/v2\/posts\/9508\/revisions\/9511"}],"wp:attachment":[{"href":"https:\/\/blogs2.correiobraziliense.com.br\/vicente\/wp-json\/wp\/v2\/media?parent=9508"}],"wp:term":[{"taxonomy":"category","embeddable":true,"href":"https:\/\/blogs2.correiobraziliense.com.br\/vicente\/wp-json\/wp\/v2\/categories?post=9508"},{"taxonomy":"post_tag","embeddable":true,"href":"https:\/\/blogs2.correiobraziliense.com.br\/vicente\/wp-json\/wp\/v2\/tags?post=9508"}],"curies":[{"name":"wp","href":"https:\/\/api.w.org\/{rel}","templated":true}]}}