{"id":9520,"date":"2018-12-21T18:11:04","date_gmt":"2018-12-21T20:11:04","guid":{"rendered":"https:\/\/blogs2.correiobraziliense.com.br\/vicente\/?p=9520"},"modified":"2018-12-21T18:11:04","modified_gmt":"2018-12-21T20:11:04","slug":"spu-vai-liberar-venda-de-157-lotes-do-condominio-vivendas-lago-azul","status":"publish","type":"post","link":"https:\/\/blogs2.correiobraziliense.com.br\/vicente\/spu-vai-liberar-venda-de-157-lotes-do-condominio-vivendas-lago-azul\/","title":{"rendered":"SPU vai liberar venda de 157 lotes do Condom\u00ednio Vivendas Lago Azul"},"content":{"rendered":"<h2>HAMILTON FERRARI<\/h2>\n<h2><\/h2>\n<h2>A Secretaria do Patrim\u00f4nio da Uni\u00e3o (SPU) vai publicar na pr\u00f3xima segunda-feira (24\/12) uma portaria liberando a venda de lotes para o Condom\u00ednio Vivendas Lago Azul, na regi\u00e3o do Grande Colorado, em Sobradinho. Num primeiro momento, ser\u00e3o ofertados 157 dos 174 existentes no local.<\/h2>\n<h2><\/h2>\n<p>Os escolhidos s\u00e3o exclusivamente residenciais. Os valores ainda n\u00e3o foram definidos. A SPU finalizou o cadastramento dos 174 ocupantes do condom\u00ednio em novembro de 2017. A expectativa inicial era de que a venda dos im\u00f3veis acontecesse em meados deste ano.<\/p>\n<p>&nbsp;<\/p>\n<p>Coube \u00e0 associa\u00e7\u00e3o atuar junto ao Minist\u00e9rio P\u00fablico para garantir o parcelamento da \u00e1rea, para que seja feito o registro individual dos lotes no cart\u00f3rio. Depois disso, a SPU realizou a avalia\u00e7\u00e3o dos lotes para elaborar os contratos de compra e venda dos lotes.<\/p>\n<p>&nbsp;<\/p>\n<p>A regulariza\u00e7\u00e3o fundi\u00e1ria da regi\u00e3o come\u00e7ou com a assinatura de um acordo de coopera\u00e7\u00e3o t\u00e9cnica entre a Associa\u00e7\u00e3o de Moradores do condom\u00ednio e a SPU. Um comit\u00ea foi criado para acelerar os trabalhos. Entre as medidas necess\u00e1rias para a concretiza\u00e7\u00e3o do processo est\u00e1 a transfer\u00eancia da \u00e1rea.<\/p>\n<p>&nbsp;<\/p>\n<p>Al\u00e9m do Vivendas Lago Azul, est\u00e1 prevista a regulariza\u00e7\u00e3o do Condom\u00ednio Vivendas Bela Vista, em Sobradinho, que re\u00fane 727 fam\u00edlias. As glebas 2 e 4 em Vicente Pires, de propriedade da Uni\u00e3o, com 25 mil lotes estimados, tamb\u00e9m dever\u00e3o ser colocadas \u00e0 venda.<\/p>\n<p>&nbsp;<\/p>\n<p><em>Bras\u00edlia, 18h06min<\/em><\/p>\n","protected":false},"excerpt":{"rendered":"<p>HAMILTON FERRARI A Secretaria do Patrim\u00f4nio da Uni\u00e3o (SPU) vai publicar na pr\u00f3xima segunda-feira (24\/12) uma portaria liberando a venda de lotes para o Condom\u00ednio Vivendas Lago Azul, na regi\u00e3o do Grande Colorado, em Sobradinho. Num primeiro momento, ser\u00e3o ofertados 157 dos 174 existentes no local. Os escolhidos s\u00e3o exclusivamente residenciais. Os valores ainda n\u00e3o [&hellip;]<\/p>\n","protected":false},"author":22,"featured_media":9521,"comment_status":"open","ping_status":"closed","sticky":false,"template":"","format":"standard","meta":{"wpb_read_more":[],"footnotes":""},"categories":[600],"tags":[3647,986,2768],"class_list":["post-9520","post","type-post","status-publish","format-standard","has-post-thumbnail","hentry","category-economia","tag-condominio","tag-spu","tag-venda"],"_links":{"self":[{"href":"https:\/\/blogs2.correiobraziliense.com.br\/vicente\/wp-json\/wp\/v2\/posts\/9520","targetHints":{"allow":["GET"]}}],"collection":[{"href":"https:\/\/blogs2.correiobraziliense.com.br\/vicente\/wp-json\/wp\/v2\/posts"}],"about":[{"href":"https:\/\/blogs2.correiobraziliense.com.br\/vicente\/wp-json\/wp\/v2\/types\/post"}],"author":[{"embeddable":true,"href":"https:\/\/blogs2.correiobraziliense.com.br\/vicente\/wp-json\/wp\/v2\/users\/22"}],"replies":[{"embeddable":true,"href":"https:\/\/blogs2.correiobraziliense.com.br\/vicente\/wp-json\/wp\/v2\/comments?post=9520"}],"version-history":[{"count":1,"href":"https:\/\/blogs2.correiobraziliense.com.br\/vicente\/wp-json\/wp\/v2\/posts\/9520\/revisions"}],"predecessor-version":[{"id":9522,"href":"https:\/\/blogs2.correiobraziliense.com.br\/vicente\/wp-json\/wp\/v2\/posts\/9520\/revisions\/9522"}],"wp:featuredmedia":[{"embeddable":true,"href":"https:\/\/blogs2.correiobraziliense.com.br\/vicente\/wp-json\/wp\/v2\/media\/9521"}],"wp:attachment":[{"href":"https:\/\/blogs2.correiobraziliense.com.br\/vicente\/wp-json\/wp\/v2\/media?parent=9520"}],"wp:term":[{"taxonomy":"category","embeddable":true,"href":"https:\/\/blogs2.correiobraziliense.com.br\/vicente\/wp-json\/wp\/v2\/categories?post=9520"},{"taxonomy":"post_tag","embeddable":true,"href":"https:\/\/blogs2.correiobraziliense.com.br\/vicente\/wp-json\/wp\/v2\/tags?post=9520"}],"curies":[{"name":"wp","href":"https:\/\/api.w.org\/{rel}","templated":true}]}}