{"id":953,"date":"2016-05-12T12:50:56","date_gmt":"2016-05-12T15:50:56","guid":{"rendered":"https:\/\/blogs2.correiobraziliense.com.br\/vicente\/?p=953"},"modified":"2016-05-12T12:50:56","modified_gmt":"2016-05-12T15:50:56","slug":"redesenho-da-esplanada-bndes-deve-ficar-com-juca","status":"publish","type":"post","link":"https:\/\/blogs2.correiobraziliense.com.br\/vicente\/redesenho-da-esplanada-bndes-deve-ficar-com-juca\/","title":{"rendered":"REDESENHO DA ESPLANADA. BNDES DEVE FICAR COM JUC\u00c1"},"content":{"rendered":"<p>POR PAULO SILVA PINTO<\/p>\n<p>&nbsp;<\/p>\n<p>Romero Juc\u00e1 assume hoje o Minist\u00e9rio do Planejamento fortalecido. Ele ficar\u00e1 com o D de Desenvolvimento que estava sob o guarda-chuva do Minist\u00e9rio do Desenvolvimento, Ind\u00fastria e Com\u00e9rcio (Mdic). Com isso, Juc\u00e1 abrigar\u00e1 o Banco Nacional de Desenvolvimento e Social (BNDES), que foi usado como instrumento de pol\u00edticas desastrosas por Lula e Dilma.<\/p>\n<p>&nbsp;<\/p>\n<p>Al\u00e9m de perder o D de Desenvolvimento, o Mdic perder\u00e1 a Ag\u00eancia de Promo\u00e7\u00e3o \u00e0 Exporta\u00e7\u00e3o (Apex), que ir\u00e1 para o Itamaraty, e a C\u00e2mara de Com\u00e9rcio Exterior (Camex), transferida para a Presid\u00eancia da Rep\u00fablica.<\/p>\n<p>&nbsp;<\/p>\n<p>Para n\u00e3o ficar como pasta decorativa, o Mdic ficar\u00e1 respons\u00e1vel pelo setor de servi\u00e7os, que representa mais de 60% do Produto Interno Bruto (PIB) do lado da oferta. Hoje, o setor est\u00e1 espalhado por v\u00e1rios \u00f3rg\u00e3os, e ningu\u00e9m lhe d\u00e1 a import\u00e2ncia que merece.<\/p>\n<p>&nbsp;<\/p>\n<p>Bras\u00edlia, 12h48min<\/p>\n<p>&nbsp;<\/p>\n<p>&nbsp;<\/p>\n","protected":false},"excerpt":{"rendered":"<p>POR PAULO SILVA PINTO &nbsp; Romero Juc\u00e1 assume hoje o Minist\u00e9rio do Planejamento fortalecido. Ele ficar\u00e1 com o D de Desenvolvimento que estava sob o guarda-chuva do Minist\u00e9rio do Desenvolvimento, Ind\u00fastria e Com\u00e9rcio (Mdic). Com isso, Juc\u00e1 abrigar\u00e1 o Banco Nacional de Desenvolvimento e Social (BNDES), que foi usado como instrumento de pol\u00edticas desastrosas por [&hellip;]<\/p>\n","protected":false},"author":22,"featured_media":0,"comment_status":"open","ping_status":"closed","sticky":false,"template":"","format":"standard","meta":{"wpb_read_more":[],"footnotes":""},"categories":[1],"tags":[],"class_list":["post-953","post","type-post","status-publish","format-standard","hentry","category-sem-categoria"],"_links":{"self":[{"href":"https:\/\/blogs2.correiobraziliense.com.br\/vicente\/wp-json\/wp\/v2\/posts\/953","targetHints":{"allow":["GET"]}}],"collection":[{"href":"https:\/\/blogs2.correiobraziliense.com.br\/vicente\/wp-json\/wp\/v2\/posts"}],"about":[{"href":"https:\/\/blogs2.correiobraziliense.com.br\/vicente\/wp-json\/wp\/v2\/types\/post"}],"author":[{"embeddable":true,"href":"https:\/\/blogs2.correiobraziliense.com.br\/vicente\/wp-json\/wp\/v2\/users\/22"}],"replies":[{"embeddable":true,"href":"https:\/\/blogs2.correiobraziliense.com.br\/vicente\/wp-json\/wp\/v2\/comments?post=953"}],"version-history":[{"count":1,"href":"https:\/\/blogs2.correiobraziliense.com.br\/vicente\/wp-json\/wp\/v2\/posts\/953\/revisions"}],"predecessor-version":[{"id":954,"href":"https:\/\/blogs2.correiobraziliense.com.br\/vicente\/wp-json\/wp\/v2\/posts\/953\/revisions\/954"}],"wp:attachment":[{"href":"https:\/\/blogs2.correiobraziliense.com.br\/vicente\/wp-json\/wp\/v2\/media?parent=953"}],"wp:term":[{"taxonomy":"category","embeddable":true,"href":"https:\/\/blogs2.correiobraziliense.com.br\/vicente\/wp-json\/wp\/v2\/categories?post=953"},{"taxonomy":"post_tag","embeddable":true,"href":"https:\/\/blogs2.correiobraziliense.com.br\/vicente\/wp-json\/wp\/v2\/tags?post=953"}],"curies":[{"name":"wp","href":"https:\/\/api.w.org\/{rel}","templated":true}]}}