{"id":956,"date":"2016-05-12T13:32:49","date_gmt":"2016-05-12T16:32:49","guid":{"rendered":"https:\/\/blogs2.correiobraziliense.com.br\/vicente\/?p=956"},"modified":"2016-05-12T13:32:49","modified_gmt":"2016-05-12T16:32:49","slug":"emissarios-de-temer-amanhecem-em-ministerios-para-mapear-cargos","status":"publish","type":"post","link":"https:\/\/blogs2.correiobraziliense.com.br\/vicente\/emissarios-de-temer-amanhecem-em-ministerios-para-mapear-cargos\/","title":{"rendered":"EMISS\u00c1RIOS DE TEMER AMANHECEM EM MINIST\u00c9RIOS PARA MAPEAR CARGOS"},"content":{"rendered":"<p>Pessoas indicadas pelo presidente em exerc\u00edcio Michel Temer praticamente amanheceram hoje nos minist\u00e9rios para mapear quantos cargos comissionados cada pasta tem.<\/p>\n<p>&nbsp;<\/p>\n<p>Os emiss\u00e1rios de Temer se reuniram com secret\u00e1rios que ainda permanecem nos cargos para cobrar um levantamento dos postos que podem ser usados na redistribui\u00e7\u00e3o do governo.<\/p>\n<p>&nbsp;<\/p>\n<p>O clima nos minist\u00e9rios \u00e9 de tens\u00e3o. H\u00e1 pessoas que est\u00e3o h\u00e1 pelo menos 13 anos na mesma fun\u00e7\u00e3o e podem perder o emprego nos pr\u00f3ximos dias.<\/p>\n<p>&nbsp;<\/p>\n<p><em>Bras\u00edlia, 13h31min<\/em><\/p>\n","protected":false},"excerpt":{"rendered":"<p>Pessoas indicadas pelo presidente em exerc\u00edcio Michel Temer praticamente amanheceram hoje nos minist\u00e9rios para mapear quantos cargos comissionados cada pasta tem. &nbsp; Os emiss\u00e1rios de Temer se reuniram com secret\u00e1rios que ainda permanecem nos cargos para cobrar um levantamento dos postos que podem ser usados na redistribui\u00e7\u00e3o do governo. &nbsp; O clima nos minist\u00e9rios \u00e9 [&hellip;]<\/p>\n","protected":false},"author":22,"featured_media":0,"comment_status":"open","ping_status":"closed","sticky":false,"template":"","format":"standard","meta":{"wpb_read_more":[],"footnotes":""},"categories":[1],"tags":[],"class_list":["post-956","post","type-post","status-publish","format-standard","hentry","category-sem-categoria"],"_links":{"self":[{"href":"https:\/\/blogs2.correiobraziliense.com.br\/vicente\/wp-json\/wp\/v2\/posts\/956","targetHints":{"allow":["GET"]}}],"collection":[{"href":"https:\/\/blogs2.correiobraziliense.com.br\/vicente\/wp-json\/wp\/v2\/posts"}],"about":[{"href":"https:\/\/blogs2.correiobraziliense.com.br\/vicente\/wp-json\/wp\/v2\/types\/post"}],"author":[{"embeddable":true,"href":"https:\/\/blogs2.correiobraziliense.com.br\/vicente\/wp-json\/wp\/v2\/users\/22"}],"replies":[{"embeddable":true,"href":"https:\/\/blogs2.correiobraziliense.com.br\/vicente\/wp-json\/wp\/v2\/comments?post=956"}],"version-history":[{"count":1,"href":"https:\/\/blogs2.correiobraziliense.com.br\/vicente\/wp-json\/wp\/v2\/posts\/956\/revisions"}],"predecessor-version":[{"id":957,"href":"https:\/\/blogs2.correiobraziliense.com.br\/vicente\/wp-json\/wp\/v2\/posts\/956\/revisions\/957"}],"wp:attachment":[{"href":"https:\/\/blogs2.correiobraziliense.com.br\/vicente\/wp-json\/wp\/v2\/media?parent=956"}],"wp:term":[{"taxonomy":"category","embeddable":true,"href":"https:\/\/blogs2.correiobraziliense.com.br\/vicente\/wp-json\/wp\/v2\/categories?post=956"},{"taxonomy":"post_tag","embeddable":true,"href":"https:\/\/blogs2.correiobraziliense.com.br\/vicente\/wp-json\/wp\/v2\/tags?post=956"}],"curies":[{"name":"wp","href":"https:\/\/api.w.org\/{rel}","templated":true}]}}