{"id":96,"date":"2015-04-28T16:01:00","date_gmt":"2015-04-28T19:01:00","guid":{"rendered":"https:\/\/blogs2.correiobraziliense.com.br\/vicente\/miriam_belchior_pergunta_como_a_funcef_torrou_r_55_bilhoes\/"},"modified":"2015-04-28T16:01:00","modified_gmt":"2015-04-28T19:01:00","slug":"miriam_belchior_pergunta_como_a_funcef_torrou_r_55_bilhoes","status":"publish","type":"post","link":"https:\/\/blogs2.correiobraziliense.com.br\/vicente\/miriam_belchior_pergunta_como_a_funcef_torrou_r_55_bilhoes\/","title":{"rendered":"MIRIAM BELCHIOR PERGUNTA COMO A FUNCEF &#8220;TORROU&#8221; R$ 5,5 BILH\u00d5ES"},"content":{"rendered":"<p><b><\/b> <\/p>\n<p>A presidente da Caixa Econ\u00f4mica Federal, Miriam Belchior, n\u00e3o  economizou na cobran\u00e7a de explica\u00e7\u00f5es sobre o deficit de R$ 5,5 bilh\u00f5es  acumulados pela Funcef. Assim que se encontrou com o presidente do fundo  de pens\u00e3o, Carlos Alberto Caser, perguntou: \u201cComo voc\u00eas torraram esse  dinheiro?\u201d. Caser cortou um dobrado para convenc\u00ea-la de que nada foi  \u201ctorrado\u201d e que o rombo atuarial da funda\u00e7\u00e3o decorreu da conjuntura  econ\u00f4mica. <\/p>\n<p>Bras\u00edlia, 16h02min   <\/p>\n","protected":false},"excerpt":{"rendered":"<p>A presidente da Caixa Econ\u00f4mica Federal, Miriam Belchior, n\u00e3o economizou na cobran\u00e7a de explica\u00e7\u00f5es sobre o deficit de R$ 5,5 bilh\u00f5es acumulados pela Funcef. Assim que se encontrou com o presidente do fundo de pens\u00e3o, Carlos Alberto Caser, perguntou: \u201cComo voc\u00eas torraram esse dinheiro?\u201d. Caser cortou um dobrado para convenc\u00ea-la de que nada foi \u201ctorrado\u201d [&hellip;]<\/p>\n","protected":false},"author":22,"featured_media":0,"comment_status":"open","ping_status":"open","sticky":false,"template":"","format":"standard","meta":{"wpb_read_more":[],"footnotes":""},"categories":[1],"tags":[],"class_list":["post-96","post","type-post","status-publish","format-standard","hentry","category-sem-categoria"],"_links":{"self":[{"href":"https:\/\/blogs2.correiobraziliense.com.br\/vicente\/wp-json\/wp\/v2\/posts\/96","targetHints":{"allow":["GET"]}}],"collection":[{"href":"https:\/\/blogs2.correiobraziliense.com.br\/vicente\/wp-json\/wp\/v2\/posts"}],"about":[{"href":"https:\/\/blogs2.correiobraziliense.com.br\/vicente\/wp-json\/wp\/v2\/types\/post"}],"author":[{"embeddable":true,"href":"https:\/\/blogs2.correiobraziliense.com.br\/vicente\/wp-json\/wp\/v2\/users\/22"}],"replies":[{"embeddable":true,"href":"https:\/\/blogs2.correiobraziliense.com.br\/vicente\/wp-json\/wp\/v2\/comments?post=96"}],"version-history":[{"count":0,"href":"https:\/\/blogs2.correiobraziliense.com.br\/vicente\/wp-json\/wp\/v2\/posts\/96\/revisions"}],"wp:attachment":[{"href":"https:\/\/blogs2.correiobraziliense.com.br\/vicente\/wp-json\/wp\/v2\/media?parent=96"}],"wp:term":[{"taxonomy":"category","embeddable":true,"href":"https:\/\/blogs2.correiobraziliense.com.br\/vicente\/wp-json\/wp\/v2\/categories?post=96"},{"taxonomy":"post_tag","embeddable":true,"href":"https:\/\/blogs2.correiobraziliense.com.br\/vicente\/wp-json\/wp\/v2\/tags?post=96"}],"curies":[{"name":"wp","href":"https:\/\/api.w.org\/{rel}","templated":true}]}}