{"id":960,"date":"2016-05-12T14:00:21","date_gmt":"2016-05-12T17:00:21","guid":{"rendered":"https:\/\/blogs2.correiobraziliense.com.br\/vicente\/?p=960"},"modified":"2016-05-16T18:37:55","modified_gmt":"2016-05-16T21:37:55","slug":"acordo-com-servidores-sao-fechados-no-apagar-das-luzes-do-governo-dilma","status":"publish","type":"post","link":"https:\/\/blogs2.correiobraziliense.com.br\/vicente\/acordo-com-servidores-sao-fechados-no-apagar-das-luzes-do-governo-dilma\/","title":{"rendered":"Acordos com servidores s\u00e3o fechados no apagar das luzes do governo Dilma. Agora, \u00e9 com Temer"},"content":{"rendered":"<p>POR HAMILTON FERRARI E MARLLA SABINO<\/p>\n<p>&nbsp;<\/p>\n<p>Os servidores p\u00fablicos que n\u00e3o assinaram acordos salariais at\u00e9 o envio da Lei de Diretrizes Or\u00e7ament\u00e1rias (LDO) ao Congresso ficaram nas m\u00e3os do presidente em exerc\u00edcio, Michel Temer, independentemente do avan\u00e7o nas negocia\u00e7\u00f5es das \u00faltimas horas. Ontem, uma reuni\u00e3o foi convocada pela Secretaria de Gest\u00e3o de Pessoas e Rela\u00e7\u00f5es de Trabalho (SEGRT) do Minist\u00e9rio do Planejamento com tr\u00eas categorias para negociar: Pol\u00edcia Federal, Pol\u00edcia Rodovi\u00e1ria Federal e analistas de infraestrutura. No entanto, qualquer proposta aceita precisar\u00e1 de uma negocia\u00e7\u00e3o do novo governo para aprova\u00e7\u00e3o do Projeto de Lei n\u00ba 1\/2016, que permite altera\u00e7\u00e3o na LDO.<\/p>\n<p>&nbsp;<\/p>\n<p>A reuni\u00e3o com representantes dessas categorias seguiu noite adentro. Assinaram acordos delegados e peritos da PF, que v\u00e3o receber R$ 3 mil mais 10,8% em janeiro de 2017; 4,75% em 2018 e 4,50% em 2019. Os agentes ainda tentavam melhorar a proposta de R$ 1,8 mil, acrescido dos mesmos percentuais e prazos propostos aos demais.<\/p>\n<p>&nbsp;<\/p>\n<p>Em telefonema, a secret\u00e1ria interina da SEGRT, Edina Maria Rocha Lima, prop\u00f4s aos representantes da AneInfra \u2014 que representa os analistas de infraestrutura \u2014 aumento de 27,9% at\u00e9 2020. O Minist\u00e9rio do Planejamento n\u00e3o informou o que foi negociado com os policiais rodovi\u00e1rios.<\/p>\n<p>&nbsp;<\/p>\n<p>A decis\u00e3o de retomar as negocia\u00e7\u00f5es foi tomada depois de o diretor-geral da Pol\u00edcia Federal (PF), delegado Leandro Daiello, em comunicado interno, fazer duras cr\u00edticas ao governo Dilma Rousseff. A ordem teria partido da agora presidente afastada para que o Planejamento voltasse a tentar entendimento.<\/p>\n<p>&nbsp;<\/p>\n<p>Comunicado<\/p>\n<p>&nbsp;<\/p>\n<p>Em mensagem aos subordinados, Daiello lamentou que o governo petista n\u00e3o tenha prestigiado a corpora\u00e7\u00e3o \u201cque estanca a sangria dos cofres p\u00fablicos, investiga, combate a corrup\u00e7\u00e3o e apura irregularidades, sempre fiel ao regramento jur\u00eddico e de forma republicana, mas sai das negocia\u00e7\u00f5es (salariais) sem nenhuma sinaliza\u00e7\u00e3o de reconhecimento\u201d.<\/p>\n<p>&nbsp;<\/p>\n<p>Para o presidente da Federa\u00e7\u00e3o Nacional dos Policiais Federais (Fanapef), Lu\u00eds Ant\u00f4nio de Ara\u00fajo Boudens, seria essencial firmar o acordo ainda no governo Dilma, mesmo com a instabilidade pol\u00edtica. \u201cTodo o hist\u00f3rico de defasagem e negocia\u00e7\u00e3o ocorreu nesse governo, era importante que o ciclo fosse encerrado\u201d, disse.<\/p>\n<p>&nbsp;<\/p>\n<p>A realidade, no entanto, \u00e9 que mesmo fechando valores e percentuais no apagar das luzes da gest\u00e3o Dilma, nada ficou garantido para as categorias que se sentaram \u00e0 mesa de negocia\u00e7\u00e3o. E se h\u00e1 dificuldade para fazer valer o que foi acordado ontem, pior \u00e9 a situa\u00e7\u00e3o das carreiras que est\u00e3o com tudo em aberto, como a dos analistas t\u00e9cnicos de pol\u00edticas sociais, de peritos federais agr\u00e1rios do Instituto Nacional de Coloniza\u00e7\u00e3o e Reforma Agr\u00e1ria (Incra), de servidores do Departamento Nacional de Infraestrutura de Transportes (Dnit) e diplomatas (incluindo oficiais e assistentes de chancelaria).<\/p>\n<p>&nbsp;<\/p>\n<p><em>Bras\u00edlia, 13h59min<\/em><\/p>\n","protected":false},"excerpt":{"rendered":"<p>POR HAMILTON FERRARI E MARLLA SABINO &nbsp; Os servidores p\u00fablicos que n\u00e3o assinaram acordos salariais at\u00e9 o envio da Lei de Diretrizes Or\u00e7ament\u00e1rias (LDO) ao Congresso ficaram nas m\u00e3os do presidente em exerc\u00edcio, Michel Temer, independentemente do avan\u00e7o nas negocia\u00e7\u00f5es das \u00faltimas horas. Ontem, uma reuni\u00e3o foi convocada pela Secretaria de Gest\u00e3o de Pessoas e [&hellip;]<\/p>\n","protected":false},"author":22,"featured_media":0,"comment_status":"open","ping_status":"closed","sticky":false,"template":"","format":"standard","meta":{"wpb_read_more":[],"footnotes":""},"categories":[1],"tags":[],"class_list":["post-960","post","type-post","status-publish","format-standard","hentry","category-sem-categoria"],"_links":{"self":[{"href":"https:\/\/blogs2.correiobraziliense.com.br\/vicente\/wp-json\/wp\/v2\/posts\/960","targetHints":{"allow":["GET"]}}],"collection":[{"href":"https:\/\/blogs2.correiobraziliense.com.br\/vicente\/wp-json\/wp\/v2\/posts"}],"about":[{"href":"https:\/\/blogs2.correiobraziliense.com.br\/vicente\/wp-json\/wp\/v2\/types\/post"}],"author":[{"embeddable":true,"href":"https:\/\/blogs2.correiobraziliense.com.br\/vicente\/wp-json\/wp\/v2\/users\/22"}],"replies":[{"embeddable":true,"href":"https:\/\/blogs2.correiobraziliense.com.br\/vicente\/wp-json\/wp\/v2\/comments?post=960"}],"version-history":[{"count":3,"href":"https:\/\/blogs2.correiobraziliense.com.br\/vicente\/wp-json\/wp\/v2\/posts\/960\/revisions"}],"predecessor-version":[{"id":1001,"href":"https:\/\/blogs2.correiobraziliense.com.br\/vicente\/wp-json\/wp\/v2\/posts\/960\/revisions\/1001"}],"wp:attachment":[{"href":"https:\/\/blogs2.correiobraziliense.com.br\/vicente\/wp-json\/wp\/v2\/media?parent=960"}],"wp:term":[{"taxonomy":"category","embeddable":true,"href":"https:\/\/blogs2.correiobraziliense.com.br\/vicente\/wp-json\/wp\/v2\/categories?post=960"},{"taxonomy":"post_tag","embeddable":true,"href":"https:\/\/blogs2.correiobraziliense.com.br\/vicente\/wp-json\/wp\/v2\/tags?post=960"}],"curies":[{"name":"wp","href":"https:\/\/api.w.org\/{rel}","templated":true}]}}