{"id":962,"date":"2016-05-12T00:20:40","date_gmt":"2016-05-12T03:20:40","guid":{"rendered":"https:\/\/blogs2.correiobraziliense.com.br\/vicente\/?p=962"},"modified":"2016-05-12T14:23:53","modified_gmt":"2016-05-12T17:23:53","slug":"equipe-de-meirelles","status":"publish","type":"post","link":"https:\/\/blogs2.correiobraziliense.com.br\/vicente\/equipe-de-meirelles\/","title":{"rendered":"EQUIPE DE MEIRELLES TEM HAMILTON E MANSUETO"},"content":{"rendered":"<p>POR PAULO SILVA PINTO<\/p>\n<p>&nbsp;<\/p>\n<p>Carlos Hamilton, ex-diretor de Pol\u00edtica Econ\u00f4mica do Banco Central e atual diretor do grupo JBS, deve assumir a secretaria executiva do Minist\u00e9rio da Fazenda, sob o comando de Henrique Meirelles. Ele j\u00e1 est\u00e1 engajado em conversas com o mercado financeiro em rela\u00e7\u00e3o a assuntos ligados ao minist\u00e9rio.<\/p>\n<p>&nbsp;<\/p>\n<p>Mansueto Almeida, funcion\u00e1rio de carreira do Instituto de Pesquisa Econ\u00f4mica Aplicada (Ipea), ser\u00e1 secret\u00e1rio do Tesouro Nacional, e Marcos Mendes, consultor do Senado, ser\u00e1, provavelmente, secret\u00e1rio de Pol\u00edtica Econ\u00f4mica.<\/p>\n<p>&nbsp;<\/p>\n<p>Os nomes deles podem ser anunciados at\u00e9 o fim de semana.<\/p>\n","protected":false},"excerpt":{"rendered":"<p>POR PAULO SILVA PINTO &nbsp; Carlos Hamilton, ex-diretor de Pol\u00edtica Econ\u00f4mica do Banco Central e atual diretor do grupo JBS, deve assumir a secretaria executiva do Minist\u00e9rio da Fazenda, sob o comando de Henrique Meirelles. Ele j\u00e1 est\u00e1 engajado em conversas com o mercado financeiro em rela\u00e7\u00e3o a assuntos ligados ao minist\u00e9rio. &nbsp; Mansueto Almeida, [&hellip;]<\/p>\n","protected":false},"author":22,"featured_media":0,"comment_status":"open","ping_status":"closed","sticky":false,"template":"","format":"standard","meta":{"wpb_read_more":[],"footnotes":""},"categories":[1],"tags":[],"class_list":["post-962","post","type-post","status-publish","format-standard","hentry","category-sem-categoria"],"_links":{"self":[{"href":"https:\/\/blogs2.correiobraziliense.com.br\/vicente\/wp-json\/wp\/v2\/posts\/962","targetHints":{"allow":["GET"]}}],"collection":[{"href":"https:\/\/blogs2.correiobraziliense.com.br\/vicente\/wp-json\/wp\/v2\/posts"}],"about":[{"href":"https:\/\/blogs2.correiobraziliense.com.br\/vicente\/wp-json\/wp\/v2\/types\/post"}],"author":[{"embeddable":true,"href":"https:\/\/blogs2.correiobraziliense.com.br\/vicente\/wp-json\/wp\/v2\/users\/22"}],"replies":[{"embeddable":true,"href":"https:\/\/blogs2.correiobraziliense.com.br\/vicente\/wp-json\/wp\/v2\/comments?post=962"}],"version-history":[{"count":2,"href":"https:\/\/blogs2.correiobraziliense.com.br\/vicente\/wp-json\/wp\/v2\/posts\/962\/revisions"}],"predecessor-version":[{"id":964,"href":"https:\/\/blogs2.correiobraziliense.com.br\/vicente\/wp-json\/wp\/v2\/posts\/962\/revisions\/964"}],"wp:attachment":[{"href":"https:\/\/blogs2.correiobraziliense.com.br\/vicente\/wp-json\/wp\/v2\/media?parent=962"}],"wp:term":[{"taxonomy":"category","embeddable":true,"href":"https:\/\/blogs2.correiobraziliense.com.br\/vicente\/wp-json\/wp\/v2\/categories?post=962"},{"taxonomy":"post_tag","embeddable":true,"href":"https:\/\/blogs2.correiobraziliense.com.br\/vicente\/wp-json\/wp\/v2\/tags?post=962"}],"curies":[{"name":"wp","href":"https:\/\/api.w.org\/{rel}","templated":true}]}}