{"id":9633,"date":"2019-01-09T11:15:49","date_gmt":"2019-01-09T13:15:49","guid":{"rendered":"https:\/\/blogs2.correiobraziliense.com.br\/vicente\/?p=9633"},"modified":"2019-01-09T12:08:22","modified_gmt":"2019-01-09T14:08:22","slug":"se-bolsonaro-aprovar-reforma-da-previdencia-de-guedes-dolar-pode-cair-a-r-360","status":"publish","type":"post","link":"https:\/\/blogs2.correiobraziliense.com.br\/vicente\/se-bolsonaro-aprovar-reforma-da-previdencia-de-guedes-dolar-pode-cair-a-r-360\/","title":{"rendered":"Se Bolsonaro aprovar reforma da Previd\u00eancia de Guedes, d\u00f3lar pode cair a R$ 3,60"},"content":{"rendered":"<h2>GABRIEL PONTE<\/h2>\n<h2><\/h2>\n<h2>Os investidores come\u00e7aram a antecipar os avan\u00e7os na proposta de reforma da Previd\u00eancia Social. Tanto que a Bolsa de Valores de S\u00e3o Paulo est\u00e1 cravando novo recorde nesta quarta-feira, 9 de janeiro, e o d\u00f3lar est\u00e1 sendo negociado abaixo de R$ 3,70.<\/h2>\n<p>&nbsp;<\/p>\n<p>Pelos c\u00e1lculos dos especialistas, se o presidente Jair Bolsonaro endossar o projeto de reforma apresentado pelo ministro da Economia, Paulo Guedes, bem mais duro do que o proposto pelo governo de Michel Temer, inclusive com um regime de capitaliza\u00e7\u00e3o para os futuros trabalhadores, o d\u00f3lar pode ceder at\u00e9 os R$ 3,60.<\/p>\n<p>&nbsp;<\/p>\n<p>J\u00e1 a Bolsa come\u00e7ar\u00e1 a testar a resist\u00eancia dos 100 mil pontos. A expectativa \u00e9 de que, j\u00e1 na pr\u00f3xima semana, Bolsonaro d\u00ea o aval a Guedes para encaminhar a proposta de reforma ao Congresso no in\u00edcio de fevereiro.<\/p>\n<p>&nbsp;<\/p>\n<p><strong>Militares<\/strong><\/p>\n<p>&nbsp;<\/p>\n<p>H\u00e1, por\u00e9m, sen\u00f5es no meio do caminho. A press\u00e3o dos militares para ficarem de fora da reforma aumentou. Eles querem manter o atual regime especial, que prev\u00ea a ida para a reserva depois de 35 anos nas For\u00e7as Armadas. Tamb\u00e9m haver\u00e1 press\u00e3o de bombeiros e policiais, que apoiaram abertamente a candidatura de Bolsonaro.<\/p>\n<p>&nbsp;<\/p>\n<p>Paulo Guedes acredita que as resist\u00eancias ser\u00e3o quebradas e assegura que todos devem dar sua cota de contribui\u00e7\u00e3o. Ele admite conversar sobre alguns setores, mas insiste que os regimes especiais n\u00e3o podem ficar de fora da reforma. A mudan\u00e7a tem que valer para todos.<\/p>\n<p>&nbsp;<\/p>\n<p>Nesta quarta, o mercado tamb\u00e9m est\u00e1 sendo favorecido pelo clima mais positivo no mercado internacional, diante da possibilidade de os Estados Unidos e a China, as duas maiores economias do planeta, fecharem um acordo comercial, evitando retalia\u00e7\u00f5es de ambos os lados. H\u00e1, tamb\u00e9m, expectativa positiva em torno da ata do Federal Reserve (Fed), o Banco Central dos EUA, que sair\u00e1 no fim da tarde.<\/p>\n<p>&nbsp;<\/p>\n<p>Pouco depois das 11h, o d\u00f3lar estava cotado a R$ 3,79 para venda. O Ibovespa, principal \u00edndice de lucratividade do preg\u00e3o paulista, subia 1,24%, nos 93.169 pontos, novo recorde.<\/p>\n<p>&nbsp;<\/p>\n<p><em>Bras\u00edlia, 11h15min<\/em><\/p>\n","protected":false},"excerpt":{"rendered":"<p>GABRIEL PONTE Os investidores come\u00e7aram a antecipar os avan\u00e7os na proposta de reforma da Previd\u00eancia Social. Tanto que a Bolsa de Valores de S\u00e3o Paulo est\u00e1 cravando novo recorde nesta quarta-feira, 9 de janeiro, e o d\u00f3lar est\u00e1 sendo negociado abaixo de R$ 3,70. &nbsp; Pelos c\u00e1lculos dos especialistas, se o presidente Jair Bolsonaro endossar [&hellip;]<\/p>\n","protected":false},"author":22,"featured_media":0,"comment_status":"open","ping_status":"closed","sticky":false,"template":"","format":"standard","meta":{"wpb_read_more":[],"footnotes":""},"categories":[600],"tags":[],"class_list":["post-9633","post","type-post","status-publish","format-standard","hentry","category-economia"],"_links":{"self":[{"href":"https:\/\/blogs2.correiobraziliense.com.br\/vicente\/wp-json\/wp\/v2\/posts\/9633","targetHints":{"allow":["GET"]}}],"collection":[{"href":"https:\/\/blogs2.correiobraziliense.com.br\/vicente\/wp-json\/wp\/v2\/posts"}],"about":[{"href":"https:\/\/blogs2.correiobraziliense.com.br\/vicente\/wp-json\/wp\/v2\/types\/post"}],"author":[{"embeddable":true,"href":"https:\/\/blogs2.correiobraziliense.com.br\/vicente\/wp-json\/wp\/v2\/users\/22"}],"replies":[{"embeddable":true,"href":"https:\/\/blogs2.correiobraziliense.com.br\/vicente\/wp-json\/wp\/v2\/comments?post=9633"}],"version-history":[{"count":1,"href":"https:\/\/blogs2.correiobraziliense.com.br\/vicente\/wp-json\/wp\/v2\/posts\/9633\/revisions"}],"predecessor-version":[{"id":9634,"href":"https:\/\/blogs2.correiobraziliense.com.br\/vicente\/wp-json\/wp\/v2\/posts\/9633\/revisions\/9634"}],"wp:attachment":[{"href":"https:\/\/blogs2.correiobraziliense.com.br\/vicente\/wp-json\/wp\/v2\/media?parent=9633"}],"wp:term":[{"taxonomy":"category","embeddable":true,"href":"https:\/\/blogs2.correiobraziliense.com.br\/vicente\/wp-json\/wp\/v2\/categories?post=9633"},{"taxonomy":"post_tag","embeddable":true,"href":"https:\/\/blogs2.correiobraziliense.com.br\/vicente\/wp-json\/wp\/v2\/tags?post=9633"}],"curies":[{"name":"wp","href":"https:\/\/api.w.org\/{rel}","templated":true}]}}