{"id":9639,"date":"2019-01-09T21:01:57","date_gmt":"2019-01-09T23:01:57","guid":{"rendered":"https:\/\/blogs2.correiobraziliense.com.br\/vicente\/?p=9639"},"modified":"2019-01-10T00:03:38","modified_gmt":"2019-01-10T02:03:38","slug":"cai-o-primeiro-nomeado-por-bolsonaro-alex-carreiro-foi-demitido-da-apex","status":"publish","type":"post","link":"https:\/\/blogs2.correiobraziliense.com.br\/vicente\/cai-o-primeiro-nomeado-por-bolsonaro-alex-carreiro-foi-demitido-da-apex\/","title":{"rendered":"Cai o primeiro nomeado por Bolsonaro. Alex Carreiro foi demitido da Apex"},"content":{"rendered":"<h2>O presidente Jair Bolsonaro registrou a primeira demiss\u00e3o de um nomeado em seu curto governo. Alex Carreiro foi defenestrado da presid\u00eancia da Ag\u00eancia Brasileira de Promo\u00e7\u00e3o de Exporta\u00e7\u00f5es e Investimentos (Apex) depois de bater de frente com o ministro das Rela\u00e7\u00f5es Exteriores, Ernesto Ara\u00fajo. Carreiro acreditou que tinha apoio pol\u00edtico para tamanha empreitada. Mas se enganou por completo.<\/h2>\n<p>&nbsp;<\/p>\n<p><a href=\"https:\/\/blogs2.correiobraziliense.com.br\/vicente\/wp-content\/uploads\/sites\/16\/2019\/01\/Apex.jpg\"><img loading=\"lazy\" decoding=\"async\" class=\"alignnone size-full wp-image-9646\" src=\"https:\/\/blogs2.correiobraziliense.com.br\/vicente\/wp-content\/uploads\/sites\/16\/2019\/01\/Apex.jpg\" alt=\"\" width=\"697\" height=\"587\" srcset=\"https:\/\/blogs2.correiobraziliense.com.br\/vicente\/wp-content\/uploads\/sites\/16\/2019\/01\/Apex.jpg 697w, https:\/\/blogs2.correiobraziliense.com.br\/vicente\/wp-content\/uploads\/sites\/16\/2019\/01\/Apex-300x253.jpg 300w, https:\/\/blogs2.correiobraziliense.com.br\/vicente\/wp-content\/uploads\/sites\/16\/2019\/01\/Apex-350x295.jpg 350w, https:\/\/blogs2.correiobraziliense.com.br\/vicente\/wp-content\/uploads\/sites\/16\/2019\/01\/Apex-550x463.jpg 550w, https:\/\/blogs2.correiobraziliense.com.br\/vicente\/wp-content\/uploads\/sites\/16\/2019\/01\/Apex-230x194.jpg 230w\" sizes=\"auto, (max-width: 697px) 100vw, 697px\" \/><\/a><\/p>\n<p><strong>Foto:<\/strong> Arquivo pessoal<\/p>\n<p>&nbsp;<\/p>\n<p>Segundo o ministro, Carreiro ser\u00e1 substitu\u00eddo pelo embaixador Mario Vilalva, &#8220;profundo conhecedor da promo\u00e7\u00e3o de exporta\u00e7\u00e3o&#8221;. Carreiro havia tomado posse em 3 de janeiro. N\u00e3o durou, portanto, nem uma semana no cargo.<\/p>\n<p>&nbsp;<\/p>\n<p>A nomea\u00e7\u00e3o de Carreiro, formado em comunica\u00e7\u00e3o social e p\u00f3s-graduado em gest\u00e3o p\u00fablica, para a Apex provocou um rebuli\u00e7o. Funcion\u00e1rios da ag\u00eancia ficaram horrorizados com o curr\u00edculo dele. Ele sequer fala ingl\u00eas fluentemente, requisito fundamental para o cargo.<\/p>\n<p>&nbsp;<\/p>\n<p>Na ter\u00e7a-feira, 7 de janeiro, sentido-se fortalecido, Carreiro demitiu 17 funcion\u00e1rios comissionados da Apex e convocou 11 pessoas aprovadas no concurso realizado em dezembro \u00faltimo. Pelos c\u00e1lculos dele, a troca de comissionados por concursados resultaria em economia de R$ 6 milh\u00f5es por ano.<\/p>\n<p>&nbsp;<\/p>\n<p>No release divulgado pela assessoria de imprensa da Apex, no dia da posse de Carreiro, ele se mostrava entusiasmado para o cargo.\u00a0\u201cNossa meta \u00e9 tornar a Apex-Brasil ainda mais conhecida de quem produz e gera empregos. \u00c9 fazer com que cada empres\u00e1rio conhe\u00e7a nossos servi\u00e7os. Queremos que eles saibam que estamos aqui para ajud\u00e1-los a buscar investimentos e neg\u00f3cios l\u00e1 fora\u201d, disse.<\/p>\n<p>&nbsp;<\/p>\n<p>Ele tamb\u00e9m era s\u00f3 elogios aos funcion\u00e1rios da ag\u00eancia. \u201cQuando assumi o desafio de presidir a Apex-Brasil, j\u00e1 sabia que teria \u00e0 disposi\u00e7\u00e3o um corpo t\u00e9cnico de alt\u00edssima qualidade. Mas fiquei muito impressionado, n\u00e3o s\u00f3 com a compet\u00eancia t\u00e9cnica dessas pessoas, mas, sobretudo, com o comprometimento de cada uma delas para garantir que a Apex-Brasil continue a ser a principal parceira das nossas empresas, promovendo a internacionaliza\u00e7\u00e3o dos neg\u00f3cios e atraindo investimentos para o pa\u00eds\u201d, afirmou. \u201cQuero deixar claro que o nosso plano \u00e9 valorizar e incentivar o trabalho s\u00e9rio de cada um que esteja comprometido com o sucesso do Brasil\u201d, acrescentou.<\/p>\n<p>&nbsp;<\/p>\n<p><em>Bras\u00edlia, 21h01min<\/em><\/p>\n","protected":false},"excerpt":{"rendered":"<p>O presidente Jair Bolsonaro registrou a primeira demiss\u00e3o de um nomeado em seu curto governo. Alex Carreiro foi defenestrado da presid\u00eancia da Ag\u00eancia Brasileira de Promo\u00e7\u00e3o de Exporta\u00e7\u00f5es e Investimentos (Apex) depois de bater de frente com o ministro das Rela\u00e7\u00f5es Exteriores, Ernesto Ara\u00fajo. Carreiro acreditou que tinha apoio pol\u00edtico para tamanha empreitada. Mas se [&hellip;]<\/p>\n","protected":false},"author":22,"featured_media":0,"comment_status":"open","ping_status":"closed","sticky":false,"template":"","format":"standard","meta":{"wpb_read_more":[],"footnotes":""},"categories":[600],"tags":[],"class_list":["post-9639","post","type-post","status-publish","format-standard","hentry","category-economia"],"_links":{"self":[{"href":"https:\/\/blogs2.correiobraziliense.com.br\/vicente\/wp-json\/wp\/v2\/posts\/9639","targetHints":{"allow":["GET"]}}],"collection":[{"href":"https:\/\/blogs2.correiobraziliense.com.br\/vicente\/wp-json\/wp\/v2\/posts"}],"about":[{"href":"https:\/\/blogs2.correiobraziliense.com.br\/vicente\/wp-json\/wp\/v2\/types\/post"}],"author":[{"embeddable":true,"href":"https:\/\/blogs2.correiobraziliense.com.br\/vicente\/wp-json\/wp\/v2\/users\/22"}],"replies":[{"embeddable":true,"href":"https:\/\/blogs2.correiobraziliense.com.br\/vicente\/wp-json\/wp\/v2\/comments?post=9639"}],"version-history":[{"count":10,"href":"https:\/\/blogs2.correiobraziliense.com.br\/vicente\/wp-json\/wp\/v2\/posts\/9639\/revisions"}],"predecessor-version":[{"id":9653,"href":"https:\/\/blogs2.correiobraziliense.com.br\/vicente\/wp-json\/wp\/v2\/posts\/9639\/revisions\/9653"}],"wp:attachment":[{"href":"https:\/\/blogs2.correiobraziliense.com.br\/vicente\/wp-json\/wp\/v2\/media?parent=9639"}],"wp:term":[{"taxonomy":"category","embeddable":true,"href":"https:\/\/blogs2.correiobraziliense.com.br\/vicente\/wp-json\/wp\/v2\/categories?post=9639"},{"taxonomy":"post_tag","embeddable":true,"href":"https:\/\/blogs2.correiobraziliense.com.br\/vicente\/wp-json\/wp\/v2\/tags?post=9639"}],"curies":[{"name":"wp","href":"https:\/\/api.w.org\/{rel}","templated":true}]}}