{"id":9650,"date":"2019-01-09T23:01:56","date_gmt":"2019-01-10T01:01:56","guid":{"rendered":"https:\/\/blogs2.correiobraziliense.com.br\/vicente\/?p=9650"},"modified":"2019-01-10T00:20:14","modified_gmt":"2019-01-10T02:20:14","slug":"pivo-da-demissao-de-alex-carreiro-da-apex-se-chama-leticia-catelani","status":"publish","type":"post","link":"https:\/\/blogs2.correiobraziliense.com.br\/vicente\/pivo-da-demissao-de-alex-carreiro-da-apex-se-chama-leticia-catelani\/","title":{"rendered":"Piv\u00f4 da demiss\u00e3o de Alex Carreiro da Apex se chama Let\u00edcia Catelani"},"content":{"rendered":"<h2>Foi uma briga com uma das diretoras da Ag\u00eancia de Promo\u00e7\u00e3o de Exporta\u00e7\u00f5es (Apex), Let\u00edcia Catelani, o piv\u00f4 da demiss\u00e3o de Alex Carreiro do comando do \u00f3rg\u00e3o. Let\u00edcia foi indicada para a ag\u00eancia pelo deputado Eduardo Bolsonaro.<\/h2>\n<p>&nbsp;<\/p>\n<p><a href=\"https:\/\/blogs2.correiobraziliense.com.br\/vicente\/wp-content\/uploads\/sites\/16\/2019\/01\/Ernesto.jpg\"><img loading=\"lazy\" decoding=\"async\" class=\"alignnone size-full wp-image-9651\" src=\"https:\/\/blogs2.correiobraziliense.com.br\/vicente\/wp-content\/uploads\/sites\/16\/2019\/01\/Ernesto.jpg\" alt=\"\" width=\"820\" height=\"491\" srcset=\"https:\/\/blogs2.correiobraziliense.com.br\/vicente\/wp-content\/uploads\/sites\/16\/2019\/01\/Ernesto.jpg 820w, https:\/\/blogs2.correiobraziliense.com.br\/vicente\/wp-content\/uploads\/sites\/16\/2019\/01\/Ernesto-300x180.jpg 300w, https:\/\/blogs2.correiobraziliense.com.br\/vicente\/wp-content\/uploads\/sites\/16\/2019\/01\/Ernesto-768x460.jpg 768w, https:\/\/blogs2.correiobraziliense.com.br\/vicente\/wp-content\/uploads\/sites\/16\/2019\/01\/Ernesto-350x210.jpg 350w, https:\/\/blogs2.correiobraziliense.com.br\/vicente\/wp-content\/uploads\/sites\/16\/2019\/01\/Ernesto-550x329.jpg 550w, https:\/\/blogs2.correiobraziliense.com.br\/vicente\/wp-content\/uploads\/sites\/16\/2019\/01\/Ernesto-230x138.jpg 230w\" sizes=\"auto, (max-width: 820px) 100vw, 820px\" \/><\/a><\/p>\n<p><strong>Foto<\/strong>: Ed Alves\/ CBPress<\/p>\n<p>&nbsp;<\/p>\n<p>Carreiro soube da demiss\u00e3o dele por meio do Twitter do ministro das Rela\u00e7\u00f5es Exteriores, Ernesto Ara\u00fajo (<strong>foto<\/strong>), que, j\u00e1 descontente com o subordinado,\u00a0tomou partido de Let\u00edcia. Quando viu o post do chanceler na rede social, Carreiro se deu conta de que estava fora do jogo.<\/p>\n<p>&nbsp;<\/p>\n<p>Let\u00edcia, dizem parlamentares do PSL, tem temperamento explosivo e s\u00f3 chegou \u00e0 Apex por ser amiga do filho do presidente Jair Bolsonaro . E Carreiro, acrescentam funcion\u00e1rios do Itamaraty, n\u00e3o tem curr\u00edculo para ocupar um cargo t\u00e3o importante. Sequer fala ingl\u00eas fluentemente, como exige a fun\u00e7\u00e3o.<\/p>\n<p>&nbsp;<\/p>\n<p>A diretora da Apex ocupou um cargo de dire\u00e7\u00e3o do PSL em S\u00e3o Paulo, mas perdeu o posto depois de um confronto com o ent\u00e3o presidente do partido, Gustavo Bebbiano, hoje ministro de Bolsonaro.<\/p>\n<p>&nbsp;<\/p>\n<p><strong>Indica\u00e7\u00f5es<\/strong><\/p>\n<p>&nbsp;<\/p>\n<p>O ministro das Rela\u00e7\u00f5es exteriores nomeou dois diretores para a Apex, Let\u00edcia, que substituiu M\u00e1rcia Nejaim, mulher do secret\u00e1rio do Tesouro Nacional, Mansueto Almeida, e M\u00e1rcio Coimbra.<\/p>\n<p>&nbsp;<\/p>\n<p>Coimbra tamb\u00e9m \u00e9 muito pr\u00f3ximo de Eduardo Bolsonaro. Ele acompanhou o filho do presidente na pol\u00eamica viagem para os Estados Unidos.<\/p>\n<p>&nbsp;<\/p>\n<p>Alex Carreiro foi escolhido diretamente por Bolsonaro. Os dois se aproximaram quando Carreiro era presidente do Patriotas do Distrito Federal. Bolsonaro chegou a negociar com o partido a possibilidade de sair candidato \u00e0 Presid\u00eancia da Rep\u00fablica pela legenda, mas acabou se filiando ao PSL.<\/p>\n<p>&nbsp;<\/p>\n<p><strong>Novo presidente<\/strong><\/p>\n<p>&nbsp;<\/p>\n<p>O ministro das Rela\u00e7\u00f5es Exteriores nomeou o embaixador M\u00e1rio Vilalva para o comando da Apex. Ele \u00e9 muito bem-visto no meio diplom\u00e1tico. Mas precisar\u00e1 ter pulso firme para conter a fogueira de vaidades que tomou conta da ag\u00eancia de promo\u00e7\u00e3o de exporta\u00e7\u00f5es.<\/p>\n<p>&nbsp;<\/p>\n<p><em>Bras\u00edlia,\u00a0 23h01min<\/em><\/p>\n","protected":false},"excerpt":{"rendered":"<p>Foi uma briga com uma das diretoras da Ag\u00eancia de Promo\u00e7\u00e3o de Exporta\u00e7\u00f5es (Apex), Let\u00edcia Catelani, o piv\u00f4 da demiss\u00e3o de Alex Carreiro do comando do \u00f3rg\u00e3o. Let\u00edcia foi indicada para a ag\u00eancia pelo deputado Eduardo Bolsonaro. &nbsp; Foto: Ed Alves\/ CBPress &nbsp; Carreiro soube da demiss\u00e3o dele por meio do Twitter do ministro das [&hellip;]<\/p>\n","protected":false},"author":22,"featured_media":0,"comment_status":"open","ping_status":"closed","sticky":false,"template":"","format":"standard","meta":{"wpb_read_more":[],"footnotes":""},"categories":[600],"tags":[],"class_list":["post-9650","post","type-post","status-publish","format-standard","hentry","category-economia"],"_links":{"self":[{"href":"https:\/\/blogs2.correiobraziliense.com.br\/vicente\/wp-json\/wp\/v2\/posts\/9650","targetHints":{"allow":["GET"]}}],"collection":[{"href":"https:\/\/blogs2.correiobraziliense.com.br\/vicente\/wp-json\/wp\/v2\/posts"}],"about":[{"href":"https:\/\/blogs2.correiobraziliense.com.br\/vicente\/wp-json\/wp\/v2\/types\/post"}],"author":[{"embeddable":true,"href":"https:\/\/blogs2.correiobraziliense.com.br\/vicente\/wp-json\/wp\/v2\/users\/22"}],"replies":[{"embeddable":true,"href":"https:\/\/blogs2.correiobraziliense.com.br\/vicente\/wp-json\/wp\/v2\/comments?post=9650"}],"version-history":[{"count":4,"href":"https:\/\/blogs2.correiobraziliense.com.br\/vicente\/wp-json\/wp\/v2\/posts\/9650\/revisions"}],"predecessor-version":[{"id":9656,"href":"https:\/\/blogs2.correiobraziliense.com.br\/vicente\/wp-json\/wp\/v2\/posts\/9650\/revisions\/9656"}],"wp:attachment":[{"href":"https:\/\/blogs2.correiobraziliense.com.br\/vicente\/wp-json\/wp\/v2\/media?parent=9650"}],"wp:term":[{"taxonomy":"category","embeddable":true,"href":"https:\/\/blogs2.correiobraziliense.com.br\/vicente\/wp-json\/wp\/v2\/categories?post=9650"},{"taxonomy":"post_tag","embeddable":true,"href":"https:\/\/blogs2.correiobraziliense.com.br\/vicente\/wp-json\/wp\/v2\/tags?post=9650"}],"curies":[{"name":"wp","href":"https:\/\/api.w.org\/{rel}","templated":true}]}}