{"id":9657,"date":"2019-01-10T11:01:22","date_gmt":"2019-01-10T13:01:22","guid":{"rendered":"https:\/\/blogs2.correiobraziliense.com.br\/vicente\/?p=9657"},"modified":"2019-01-10T11:50:27","modified_gmt":"2019-01-10T13:50:27","slug":"um-dia-depois-da-queda-de-seu-presidente-apex-convoca-mais-25-concursados","status":"publish","type":"post","link":"https:\/\/blogs2.correiobraziliense.com.br\/vicente\/um-dia-depois-da-queda-de-seu-presidente-apex-convoca-mais-25-concursados\/","title":{"rendered":"Um dia depois da queda de seu presidente, Apex convoca mais 25 concursados"},"content":{"rendered":"<p>Um dia depois de ser sacudida pela demiss\u00e3o de seu presidente, Alex Carreiro, a Ag\u00eancia Brasileira de Promo\u00e7\u00e3o de Exporta\u00e7\u00e3o e Atra\u00e7\u00e3o de Investimentos (Apex-Brasil) anuncia a convoca\u00e7\u00e3o de mais 25 aprovados em concurso realizado no ano passado.<\/p>\n<p>&nbsp;<\/p>\n<p><a href=\"https:\/\/blogs2.correiobraziliense.com.br\/vicente\/wp-content\/uploads\/sites\/16\/2019\/01\/Itamaraty.jpg\"><img loading=\"lazy\" decoding=\"async\" class=\"alignnone size-full wp-image-9664\" src=\"https:\/\/blogs2.correiobraziliense.com.br\/vicente\/wp-content\/uploads\/sites\/16\/2019\/01\/Itamaraty.jpg\" alt=\"\" width=\"800\" height=\"533\" srcset=\"https:\/\/blogs2.correiobraziliense.com.br\/vicente\/wp-content\/uploads\/sites\/16\/2019\/01\/Itamaraty.jpg 800w, https:\/\/blogs2.correiobraziliense.com.br\/vicente\/wp-content\/uploads\/sites\/16\/2019\/01\/Itamaraty-300x200.jpg 300w, https:\/\/blogs2.correiobraziliense.com.br\/vicente\/wp-content\/uploads\/sites\/16\/2019\/01\/Itamaraty-768x512.jpg 768w, https:\/\/blogs2.correiobraziliense.com.br\/vicente\/wp-content\/uploads\/sites\/16\/2019\/01\/Itamaraty-350x233.jpg 350w, https:\/\/blogs2.correiobraziliense.com.br\/vicente\/wp-content\/uploads\/sites\/16\/2019\/01\/Itamaraty-550x366.jpg 550w, https:\/\/blogs2.correiobraziliense.com.br\/vicente\/wp-content\/uploads\/sites\/16\/2019\/01\/Itamaraty-230x153.jpg 230w\" sizes=\"auto, (max-width: 800px) 100vw, 800px\" \/><\/a><\/p>\n<p><strong>Foto:<\/strong>\u00a0Arthur Menescal\/Esp.CB\/D.A Press<\/p>\n<p>&nbsp;<\/p>\n<p>Ser\u00e3o convocados os aprovados para as vagas de analistas nas \u00e1reas de prospec\u00e7\u00e3o de projetos, aspectos organizacionais internos, servi\u00e7os t\u00e9cnicos em tecnologia da informa\u00e7\u00e3o e prospec\u00e7\u00e3o de mercados.<\/p>\n<p>&nbsp;<\/p>\n<p><strong>Veja a lista dos convocados:<\/strong><\/p>\n<p>&nbsp;<\/p>\n<p>Let\u00edcia de Sena Carita<\/p>\n<p>Rodrigo Iago Pessoa da Silva<\/p>\n<p>Leonardo Henrique Tejada Vidal<\/p>\n<p>Daniel Figueiredo Pirola<\/p>\n<p>Ramon do Nascimento Cavalcanti<\/p>\n<p>Clarissa Oliveira Franco<\/p>\n<p>Anna Em\u00edlia Arend dos Santos<\/p>\n<p>Camila Manguinho Monteio<\/p>\n<p>Renan Lucas Ferraz<\/p>\n<p>Rodrigo Santos Silva Vieira da Fonseca<\/p>\n<p>Filipi Folster Froupe<\/p>\n<p>Lara Macedo Aguiar<\/p>\n<p>Isaias Monteiro dos Santos<\/p>\n<p>Cec\u00edlia Vieira Cruz<\/p>\n<p>Breno Guimar\u00e3es Rocha<\/p>\n<p>Jurandy Campos Junior<\/p>\n<p>Jo\u00e3o Gabriel Martin del Solar<\/p>\n<p>Diego Kovags Moreira<\/p>\n<p>Gustavo Henrique Pimentel Freitas<\/p>\n<p>Cibele Frandulic Shimono<\/p>\n<p>Igor Chiamurela<\/p>\n<p>Marcos Antonio Kohler<\/p>\n<p>Janaina da Silva Melo<\/p>\n<p>Gabriel Alfredo Alves Zimmer<\/p>\n<p>Danielle Castro Rodrigue Freire<\/p>\n<p>&nbsp;<\/p>\n<p>Essa foi um dos \u00faltimos atos assinados por Alex Carreiro na presid\u00eancia da Apex. Ele foi demitido pelo Twitter pelo ministro das Rela\u00e7\u00f5es Exteriores, Ernesto Ara\u00fajo.<\/p>\n<p>&nbsp;<\/p>\n<p><em>Bras\u00edlia, 11h01min<\/em><\/p>\n<p>&nbsp;<\/p>\n","protected":false},"excerpt":{"rendered":"<p>Um dia depois de ser sacudida pela demiss\u00e3o de seu presidente, Alex Carreiro, a Ag\u00eancia Brasileira de Promo\u00e7\u00e3o de Exporta\u00e7\u00e3o e Atra\u00e7\u00e3o de Investimentos (Apex-Brasil) anuncia a convoca\u00e7\u00e3o de mais 25 aprovados em concurso realizado no ano passado. &nbsp; Foto:\u00a0Arthur Menescal\/Esp.CB\/D.A Press &nbsp; Ser\u00e3o convocados os aprovados para as vagas de analistas nas \u00e1reas de [&hellip;]<\/p>\n","protected":false},"author":22,"featured_media":0,"comment_status":"open","ping_status":"closed","sticky":false,"template":"","format":"standard","meta":{"wpb_read_more":[],"footnotes":""},"categories":[600],"tags":[],"class_list":["post-9657","post","type-post","status-publish","format-standard","hentry","category-economia"],"_links":{"self":[{"href":"https:\/\/blogs2.correiobraziliense.com.br\/vicente\/wp-json\/wp\/v2\/posts\/9657","targetHints":{"allow":["GET"]}}],"collection":[{"href":"https:\/\/blogs2.correiobraziliense.com.br\/vicente\/wp-json\/wp\/v2\/posts"}],"about":[{"href":"https:\/\/blogs2.correiobraziliense.com.br\/vicente\/wp-json\/wp\/v2\/types\/post"}],"author":[{"embeddable":true,"href":"https:\/\/blogs2.correiobraziliense.com.br\/vicente\/wp-json\/wp\/v2\/users\/22"}],"replies":[{"embeddable":true,"href":"https:\/\/blogs2.correiobraziliense.com.br\/vicente\/wp-json\/wp\/v2\/comments?post=9657"}],"version-history":[{"count":6,"href":"https:\/\/blogs2.correiobraziliense.com.br\/vicente\/wp-json\/wp\/v2\/posts\/9657\/revisions"}],"predecessor-version":[{"id":9665,"href":"https:\/\/blogs2.correiobraziliense.com.br\/vicente\/wp-json\/wp\/v2\/posts\/9657\/revisions\/9665"}],"wp:attachment":[{"href":"https:\/\/blogs2.correiobraziliense.com.br\/vicente\/wp-json\/wp\/v2\/media?parent=9657"}],"wp:term":[{"taxonomy":"category","embeddable":true,"href":"https:\/\/blogs2.correiobraziliense.com.br\/vicente\/wp-json\/wp\/v2\/categories?post=9657"},{"taxonomy":"post_tag","embeddable":true,"href":"https:\/\/blogs2.correiobraziliense.com.br\/vicente\/wp-json\/wp\/v2\/tags?post=9657"}],"curies":[{"name":"wp","href":"https:\/\/api.w.org\/{rel}","templated":true}]}}