{"id":966,"date":"2016-05-12T20:45:42","date_gmt":"2016-05-12T23:45:42","guid":{"rendered":"https:\/\/blogs2.correiobraziliense.com.br\/vicente\/?p=966"},"modified":"2016-05-16T18:36:11","modified_gmt":"2016-05-16T21:36:11","slug":"juca-diz-que-revera-acordos-salariais-firmados-com-sete-carreiras-entre-elas-pf","status":"publish","type":"post","link":"https:\/\/blogs2.correiobraziliense.com.br\/vicente\/juca-diz-que-revera-acordos-salariais-firmados-com-sete-carreiras-entre-elas-pf\/","title":{"rendered":"Juc\u00e1 diz que pode rever acordos salariais firmados com sete carreiras, entre elas, a PF"},"content":{"rendered":"<p>POR ANTONIO TEM\u00d3TEO<\/p>\n<p>&nbsp;<\/p>\n<p>As sete categorias de servidores p\u00fablicos federais que fecharam acordos salariais no apagar das luzes do governo Dilma Rousseff n\u00e3o t\u00eam garantia de que ter\u00e3o aumento nos contracheques. O ministro do Planejamento, Romero Juc\u00e1, diz que todas as propostas ser\u00e3o analisadas por sua equipe para ver se h\u00e1 base para os aumentos. Est\u00e3o na lista delegados e agentes da Pol\u00edcia Federal e policiais rodovi\u00e1rios federais.<\/p>\n<p>&nbsp;<\/p>\n<p>Ele afirma que n\u00e3o conhece os termos acordados pela equipe anterior do Planejamento e que ser\u00e1 necess\u00e1rio analisar caso a caso. Juc\u00e1 dever\u00e1 tomar conhecimento sobre os detalhes das propostas nesta sexta-feira quando tomar\u00e1 posse no Planejamento. \u201cO que j\u00e1 foi assinado anteriormente ser\u00e1 honrado, mas n\u00e3o sei o que aconteceu ontem (quarta-feira)\u201d, frisa.<\/p>\n<p>&nbsp;<\/p>\n<p>Segundo Juc\u00e1, os projetos dos servidores p\u00fablicos que foram ajustados pelo antigo governo e que est\u00e3o na C\u00e2mara dos Deputados ser\u00e3o mantidos. &#8220;Vamos trabalhar para a aprova\u00e7\u00e3o desses projetos porque pacto firmado tem que ser cumprido. O governo tem que ter palavra\u201d, afirma. Ele assinala que n\u00e3o espera greve do funcionalismo. \u201cFoi pactuado o acordo. Vamos dar o aumento. N\u00e3o tem porque fazer greve\u201d, frisa.<\/p>\n<p>&nbsp;<\/p>\n<p><em>Bras\u00edlia, 20h47min<\/em><\/p>\n","protected":false},"excerpt":{"rendered":"<p>POR ANTONIO TEM\u00d3TEO &nbsp; As sete categorias de servidores p\u00fablicos federais que fecharam acordos salariais no apagar das luzes do governo Dilma Rousseff n\u00e3o t\u00eam garantia de que ter\u00e3o aumento nos contracheques. O ministro do Planejamento, Romero Juc\u00e1, diz que todas as propostas ser\u00e3o analisadas por sua equipe para ver se h\u00e1 base para os [&hellip;]<\/p>\n","protected":false},"author":22,"featured_media":0,"comment_status":"open","ping_status":"closed","sticky":false,"template":"","format":"standard","meta":{"wpb_read_more":[],"footnotes":""},"categories":[1],"tags":[],"class_list":["post-966","post","type-post","status-publish","format-standard","hentry","category-sem-categoria"],"_links":{"self":[{"href":"https:\/\/blogs2.correiobraziliense.com.br\/vicente\/wp-json\/wp\/v2\/posts\/966","targetHints":{"allow":["GET"]}}],"collection":[{"href":"https:\/\/blogs2.correiobraziliense.com.br\/vicente\/wp-json\/wp\/v2\/posts"}],"about":[{"href":"https:\/\/blogs2.correiobraziliense.com.br\/vicente\/wp-json\/wp\/v2\/types\/post"}],"author":[{"embeddable":true,"href":"https:\/\/blogs2.correiobraziliense.com.br\/vicente\/wp-json\/wp\/v2\/users\/22"}],"replies":[{"embeddable":true,"href":"https:\/\/blogs2.correiobraziliense.com.br\/vicente\/wp-json\/wp\/v2\/comments?post=966"}],"version-history":[{"count":4,"href":"https:\/\/blogs2.correiobraziliense.com.br\/vicente\/wp-json\/wp\/v2\/posts\/966\/revisions"}],"predecessor-version":[{"id":1000,"href":"https:\/\/blogs2.correiobraziliense.com.br\/vicente\/wp-json\/wp\/v2\/posts\/966\/revisions\/1000"}],"wp:attachment":[{"href":"https:\/\/blogs2.correiobraziliense.com.br\/vicente\/wp-json\/wp\/v2\/media?parent=966"}],"wp:term":[{"taxonomy":"category","embeddable":true,"href":"https:\/\/blogs2.correiobraziliense.com.br\/vicente\/wp-json\/wp\/v2\/categories?post=966"},{"taxonomy":"post_tag","embeddable":true,"href":"https:\/\/blogs2.correiobraziliense.com.br\/vicente\/wp-json\/wp\/v2\/tags?post=966"}],"curies":[{"name":"wp","href":"https:\/\/api.w.org\/{rel}","templated":true}]}}