{"id":9671,"date":"2019-01-10T16:01:17","date_gmt":"2019-01-10T18:01:17","guid":{"rendered":"https:\/\/blogs2.correiobraziliense.com.br\/vicente\/?p=9671"},"modified":"2019-01-10T16:30:26","modified_gmt":"2019-01-10T18:30:26","slug":"loucura-na-apex-diretores-nem-foram-nomeados-e-ja-usam-salas-carros-e-computadores","status":"publish","type":"post","link":"https:\/\/blogs2.correiobraziliense.com.br\/vicente\/loucura-na-apex-diretores-nem-foram-nomeados-e-ja-usam-salas-carros-e-computadores\/","title":{"rendered":"Loucura na Apex: diretores nem foram nomeados e j\u00e1 usam salas, carros e computadores"},"content":{"rendered":"<h2>A loucura na Ag\u00eancia de Promo\u00e7\u00e3o a Exporta\u00e7\u00f5es e Investimentos (Apex) n\u00e3o se restringe ao gabinete da presid\u00eancia, da qual Alex Carreiro n\u00e3o quer abrir m\u00e3o, mesmo tendo sido demitido pelo ministro das Rela\u00e7\u00f5es Exteriores, Ernesto Ara\u00fajo.<\/h2>\n<p>&nbsp;<\/p>\n<p>Dois dos indicados pelo ministro para a diretoria da Apex, M\u00e1rcio Coimbra e Let\u00edcia Catelani (<strong>foto<\/strong>), ainda n\u00e3o foram nomeados mas j\u00e1 est\u00e3o usando a estrutura da ag\u00eancia desde segunda-feira, 7 de janeiro. Est\u00e3o com salas, carros e computadores \u00e0 disposi\u00e7\u00e3o, inclusive tendo acesso a informa\u00e7\u00f5es confidenciais do \u00f3rg\u00e3o.<\/p>\n<p>&nbsp;<\/p>\n<p><a href=\"https:\/\/blogs2.correiobraziliense.com.br\/vicente\/wp-content\/uploads\/sites\/16\/2019\/01\/LeticiaTwitter.jpg\"><img loading=\"lazy\" decoding=\"async\" class=\"alignnone size-full wp-image-9672\" src=\"https:\/\/blogs2.correiobraziliense.com.br\/vicente\/wp-content\/uploads\/sites\/16\/2019\/01\/LeticiaTwitter.jpg\" alt=\"\" width=\"400\" height=\"400\" srcset=\"https:\/\/blogs2.correiobraziliense.com.br\/vicente\/wp-content\/uploads\/sites\/16\/2019\/01\/LeticiaTwitter.jpg 400w, https:\/\/blogs2.correiobraziliense.com.br\/vicente\/wp-content\/uploads\/sites\/16\/2019\/01\/LeticiaTwitter-150x150.jpg 150w, https:\/\/blogs2.correiobraziliense.com.br\/vicente\/wp-content\/uploads\/sites\/16\/2019\/01\/LeticiaTwitter-300x300.jpg 300w, https:\/\/blogs2.correiobraziliense.com.br\/vicente\/wp-content\/uploads\/sites\/16\/2019\/01\/LeticiaTwitter-350x350.jpg 350w, https:\/\/blogs2.correiobraziliense.com.br\/vicente\/wp-content\/uploads\/sites\/16\/2019\/01\/LeticiaTwitter-230x230.jpg 230w\" sizes=\"auto, (max-width: 400px) 100vw, 400px\" \/><\/a><\/p>\n<p><strong>Foto:<\/strong> Twitter<\/p>\n<p>&nbsp;<\/p>\n<p>Let\u00edcia, apontada como piv\u00f4 da demiss\u00e3o de Carreiro, j\u00e1 est\u00e1 ocupando a sala de M\u00e1rcia Nejaim, que continua oficialmente como diretora. M\u00e1rcia \u00e9 mulher do secret\u00e1rio do Tesouro Nacional, Mansueto Almeida.<\/p>\n<p>&nbsp;<\/p>\n<p><strong>Demiss\u00e3o<\/strong><\/p>\n<p>&nbsp;<\/p>\n<p>Carreiro foi demitido por Ernesto Ara\u00fajo por meio do Twitter. Mas ele continua dando expediente na Apex, sob a alega\u00e7\u00e3o de que somente o presidente da Rep\u00fablica, Jair Bolsonaro, pode demiti-lo. Carreiro tomou posse oficialmente no comando da Apex em 3 de janeiro.<\/p>\n<p>&nbsp;<\/p>\n<p>A Apex se tornou a mais nova crise do governo Bolsonaro. Desde que ele tomou posse, o governo vem sendo marcado por uma s\u00e9rie de fatos controversos e de muitos recuos, indicando que n\u00e3o h\u00e1 unidade na administra\u00e7\u00e3o. A falta de experi\u00eancia est\u00e1 prevalecendo.<\/p>\n<p>&nbsp;<\/p>\n<p>Os funcion\u00e1rios da Apex est\u00e3o at\u00f4nitos. Desde a quarta-feira, quando Ernesto Ara\u00fajo demitiu Carreiro, cujo curr\u00edculo \u00e9 fraqu\u00edssimo (ele n\u00e3o fala ingl\u00eas, requisito b\u00e1sico para\u00a0 cargo), tudo parou. Ningu\u00e9m consegue trabalhar por conta da confus\u00e3o que se instalou na ag\u00eancia.<\/p>\n<p>&nbsp;<\/p>\n<p>A expectativa \u00e9 de que Bolsonaro tome um decis\u00e3o sobre os rumos da Apex ainda nesta quinta-feira, 10 de janeiro, sob o risco de prolongar uma crise que est\u00e1 arranhando a imagem de um governo que acabou de tomar posse sob forte apoio popular.<\/p>\n<p>&nbsp;<\/p>\n<p>No que depender de Ernesto Ara\u00fajo, a Apex ser\u00e1 comandada pelo embaixador M\u00e1rio Vilalva.<\/p>\n<p>&nbsp;<\/p>\n<p><em>Bras\u00edlia, 16h01min<\/em><\/p>\n","protected":false},"excerpt":{"rendered":"<p>A loucura na Ag\u00eancia de Promo\u00e7\u00e3o a Exporta\u00e7\u00f5es e Investimentos (Apex) n\u00e3o se restringe ao gabinete da presid\u00eancia, da qual Alex Carreiro n\u00e3o quer abrir m\u00e3o, mesmo tendo sido demitido pelo ministro das Rela\u00e7\u00f5es Exteriores, Ernesto Ara\u00fajo. &nbsp; Dois dos indicados pelo ministro para a diretoria da Apex, M\u00e1rcio Coimbra e Let\u00edcia Catelani (foto), ainda [&hellip;]<\/p>\n","protected":false},"author":22,"featured_media":0,"comment_status":"open","ping_status":"closed","sticky":false,"template":"","format":"standard","meta":{"wpb_read_more":[],"footnotes":""},"categories":[600],"tags":[],"class_list":["post-9671","post","type-post","status-publish","format-standard","hentry","category-economia"],"_links":{"self":[{"href":"https:\/\/blogs2.correiobraziliense.com.br\/vicente\/wp-json\/wp\/v2\/posts\/9671","targetHints":{"allow":["GET"]}}],"collection":[{"href":"https:\/\/blogs2.correiobraziliense.com.br\/vicente\/wp-json\/wp\/v2\/posts"}],"about":[{"href":"https:\/\/blogs2.correiobraziliense.com.br\/vicente\/wp-json\/wp\/v2\/types\/post"}],"author":[{"embeddable":true,"href":"https:\/\/blogs2.correiobraziliense.com.br\/vicente\/wp-json\/wp\/v2\/users\/22"}],"replies":[{"embeddable":true,"href":"https:\/\/blogs2.correiobraziliense.com.br\/vicente\/wp-json\/wp\/v2\/comments?post=9671"}],"version-history":[{"count":3,"href":"https:\/\/blogs2.correiobraziliense.com.br\/vicente\/wp-json\/wp\/v2\/posts\/9671\/revisions"}],"predecessor-version":[{"id":9675,"href":"https:\/\/blogs2.correiobraziliense.com.br\/vicente\/wp-json\/wp\/v2\/posts\/9671\/revisions\/9675"}],"wp:attachment":[{"href":"https:\/\/blogs2.correiobraziliense.com.br\/vicente\/wp-json\/wp\/v2\/media?parent=9671"}],"wp:term":[{"taxonomy":"category","embeddable":true,"href":"https:\/\/blogs2.correiobraziliense.com.br\/vicente\/wp-json\/wp\/v2\/categories?post=9671"},{"taxonomy":"post_tag","embeddable":true,"href":"https:\/\/blogs2.correiobraziliense.com.br\/vicente\/wp-json\/wp\/v2\/tags?post=9671"}],"curies":[{"name":"wp","href":"https:\/\/api.w.org\/{rel}","templated":true}]}}