{"id":970,"date":"2016-05-13T09:34:15","date_gmt":"2016-05-13T12:34:15","guid":{"rendered":"https:\/\/blogs2.correiobraziliense.com.br\/vicente\/?p=970"},"modified":"2016-05-16T18:34:56","modified_gmt":"2016-05-16T21:34:56","slug":"beneficio-da-duvida","status":"publish","type":"post","link":"https:\/\/blogs2.correiobraziliense.com.br\/vicente\/beneficio-da-duvida\/","title":{"rendered":"Benef\u00edcio da d\u00favida"},"content":{"rendered":"<p>A situa\u00e7\u00e3o est\u00e1 t\u00e3o ruim, que qualquer sinal de melhora na economia dar\u00e1 f\u00f4lego \u00e0 equipe de Michel Temer para manejar as ansiedades dos agentes econ\u00f4micos. O primeiro discurso do presidente em exerc\u00edcio foi considerado correto, mas n\u00e3o gerou euforia. Muito pelo contr\u00e1rio. Por enquanto, empres\u00e1rios e investidores preferem dizer que est\u00e3o dando o benef\u00edcio da d\u00favida ao novo governo. Ainda \u00e9 preciso ver medidas concretas para reverter o caos nas contas p\u00fablicas, retomar o crescimento econ\u00f4mico, resgatar o emprego e permitir a redu\u00e7\u00e3o das taxas de juros, de forma que a confian\u00e7a seja restabelecida.<\/p>\n<p>&nbsp;<\/p>\n<p>H\u00e1 o reconhecimento de que a equipe econ\u00f4mica liderada por Henrique Meirelles tem capacidade para p\u00f4r o Brasil numa rota de menos solavancos. Mas \u00e9 necess\u00e1rio dar mostras concretas de que h\u00e1 espa\u00e7o e apoio pol\u00edtico para a ado\u00e7\u00e3o de medidas mais duras e menos populares. Temer diz que est\u00e1 disposto a levar adiante reformas que h\u00e1 tempos o pa\u00eds espera, como a trabalhista e a previdenci\u00e1ria. Assegura, por\u00e9m, que n\u00e3o mexer\u00e1 em direitos adquiridos. N\u00e3o h\u00e1 como acreditar nisso. O ac\u00famulo de problemas nos \u00faltimos anos e o descaso de v\u00e1rios governos exigir\u00e3o comprar briga com a popula\u00e7\u00e3o. A outra op\u00e7\u00e3o ser\u00e1 o fracasso.<\/p>\n<p>&nbsp;<\/p>\n<p>Temer tem a vantagem de que os principais partidos que est\u00e3o lhe dando sustenta\u00e7\u00e3o, como o PSBD e o PSB, precisam que a economia d\u00ea certo para que o Brasil chegue melhor em 2018. N\u00e3o \u00e9 desejo de ningu\u00e9m disputar as elei\u00e7\u00f5es presidenciais sabendo que a heran\u00e7a ser\u00e1 terra arrasada. Sendo assim, o melhor a se fazer agora \u00e9 dar apoio a medidas impopulares, jogar o desgaste para cima do PMDB e pavimentar a melhoria gradual da atividade. O presidente em exerc\u00edcio sabe que os olhos dos que o cercam est\u00e3o mirando um futuro bem pr\u00f3ximo, de dois anos \u00e0 frente. Mas \u00e9 o que lhe resta neste momento.<\/p>\n<p>&nbsp;<\/p>\n<p><b>Desejo reprimido<\/b><\/p>\n<p>&nbsp;<\/p>\n<p>Para Alexandre Esp\u00edrito Santo, economista-chefe da \u00d3rama Investimentos, Temer pode tirar proveito do desejo reprimido do empresariado a fim de reverter a grave recess\u00e3o na qual o pa\u00eds est\u00e1 mergulhado. Por total descr\u00e9dito do governo, h\u00e1 pelo menos dois anos, os investimentos produtivos est\u00e3o em queda. Assim, caso os empres\u00e1rios tenham a certeza de que n\u00e3o haver\u00e1 sobressaltos mais \u00e0 frente, poder\u00e3o desengavetar projetos que tendem a reanimar o Produto Interno Bruto (PIB).<\/p>\n<p>&nbsp;<\/p>\n<p>O economista lembra que a retra\u00e7\u00e3o dos investimentos foi provocada pela forte interven\u00e7\u00e3o do Estado na economia durante a gest\u00e3o de Dilma Rousseff. Regras foram alteradas sem qualquer crit\u00e9rio t\u00e9cnico, como no setor el\u00e9trico, e o governo acreditou que poderia limitar os ganhos da iniciativa privada em projetos de concess\u00f5es. A rea\u00e7\u00e3o do capital foi sair de cena. Como o modelo de crescimento baseado no consumo estava esgotado, a queda dos investimentos fez a atividade derreter. \u201cPortanto, essa \u00e9 a hora de voltarmos aos trilhos do progresso, como promete Temer\u201d, diz Esp\u00edrito Santo.<\/p>\n<p>&nbsp;<\/p>\n<p>Ele acredita que outro pleito do empresariado est\u00e1 prestes a se tornar realidade: a queda dos juros. Para isso, por\u00e9m, a equipe de Meirelles tem que apresentar um programa fiscal consistente. Ningu\u00e9m acredita que o pa\u00eds conseguir\u00e1 apresentar superavits prim\u00e1rios a curto e a m\u00e9dio prazos. Contudo, ser\u00e1 importante indicar, sem malabarismos ou pedaladas, que, em dois ou tr\u00eas anos, as contas voltar\u00e3o ao azul. Esse \u00e9 o \u00fanico caminho para que as expectativas de infla\u00e7\u00e3o convirjam mais rapidamente para o centro da meta, de 4,5%.<\/p>\n<p>&nbsp;<\/p>\n<p><b>Ceticismo da popula\u00e7\u00e3o<\/b><\/p>\n<p>&nbsp;<\/p>\n<p>A popula\u00e7\u00e3o, n\u00e3o sem raz\u00e3o, est\u00e1 c\u00e9tica em rela\u00e7\u00e3o ao governo Temer. A frustra\u00e7\u00e3o dos \u00faltimos anos foi enorme. Boa parte das conquistas provenientes de anos de estabilidade foi perdida. Ningu\u00e9m acredita que os tempos de bonan\u00e7a que prevaleceram at\u00e9 Dilma Rousseff quebrar o pa\u00eds voltar\u00e3o t\u00e3o cedo, especialmente num governo de uma pessoa que chegou ao poder por meio de um projeto t\u00e3o traum\u00e1tico como o impeachment.<\/p>\n<p>&nbsp;<\/p>\n<p>Temer tentou, em seu discurso, passar otimismo aos mais pobres. Recomendou a todos que deixassem de falar em crise e passassem a trabalhar. \u00c9 o que a maioria quer. Mas como atender a esse apelo se hoje o que se v\u00ea \u00e9 um pa\u00eds afundando num atoleiro que consumiu quase 10 anos da riqueza acumulada. Muitas fam\u00edlias j\u00e1 n\u00e3o conseguem pagar sequer coisas b\u00e1sicas porque pelo menos um de seus integrantes est\u00e1 desempregado. A cada m\u00eas, meio milh\u00e3o de pessoas entram na lista de caloteiros.<\/p>\n<p>&nbsp;<\/p>\n<p>Alexandre Esp\u00edrito Santo acredita que esse quadro dram\u00e1tico dever\u00e1 come\u00e7ar a se reverter em 2017, quando PIB pode crescer at\u00e9 1%. Tudo, no entanto, \u00e9 mais torcida do que realidade. O Brasil deixou escapar oportunidades important\u00edssimas. Tomara que Temer, pelo menos, n\u00e3o deixe todos com o gosto amargo da decep\u00e7\u00e3o.<\/p>\n<p>&nbsp;<\/p>\n<p>Bras\u00edlia, 09h33min<\/p>\n","protected":false},"excerpt":{"rendered":"<p>A situa\u00e7\u00e3o est\u00e1 t\u00e3o ruim, que qualquer sinal de melhora na economia dar\u00e1 f\u00f4lego \u00e0 equipe de Michel Temer para manejar as ansiedades dos agentes econ\u00f4micos. O primeiro discurso do presidente em exerc\u00edcio foi considerado correto, mas n\u00e3o gerou euforia. Muito pelo contr\u00e1rio. Por enquanto, empres\u00e1rios e investidores preferem dizer que est\u00e3o dando o benef\u00edcio [&hellip;]<\/p>\n","protected":false},"author":22,"featured_media":0,"comment_status":"open","ping_status":"closed","sticky":false,"template":"","format":"standard","meta":{"wpb_read_more":[],"footnotes":""},"categories":[1],"tags":[],"class_list":["post-970","post","type-post","status-publish","format-standard","hentry","category-sem-categoria"],"_links":{"self":[{"href":"https:\/\/blogs2.correiobraziliense.com.br\/vicente\/wp-json\/wp\/v2\/posts\/970","targetHints":{"allow":["GET"]}}],"collection":[{"href":"https:\/\/blogs2.correiobraziliense.com.br\/vicente\/wp-json\/wp\/v2\/posts"}],"about":[{"href":"https:\/\/blogs2.correiobraziliense.com.br\/vicente\/wp-json\/wp\/v2\/types\/post"}],"author":[{"embeddable":true,"href":"https:\/\/blogs2.correiobraziliense.com.br\/vicente\/wp-json\/wp\/v2\/users\/22"}],"replies":[{"embeddable":true,"href":"https:\/\/blogs2.correiobraziliense.com.br\/vicente\/wp-json\/wp\/v2\/comments?post=970"}],"version-history":[{"count":3,"href":"https:\/\/blogs2.correiobraziliense.com.br\/vicente\/wp-json\/wp\/v2\/posts\/970\/revisions"}],"predecessor-version":[{"id":999,"href":"https:\/\/blogs2.correiobraziliense.com.br\/vicente\/wp-json\/wp\/v2\/posts\/970\/revisions\/999"}],"wp:attachment":[{"href":"https:\/\/blogs2.correiobraziliense.com.br\/vicente\/wp-json\/wp\/v2\/media?parent=970"}],"wp:term":[{"taxonomy":"category","embeddable":true,"href":"https:\/\/blogs2.correiobraziliense.com.br\/vicente\/wp-json\/wp\/v2\/categories?post=970"},{"taxonomy":"post_tag","embeddable":true,"href":"https:\/\/blogs2.correiobraziliense.com.br\/vicente\/wp-json\/wp\/v2\/tags?post=970"}],"curies":[{"name":"wp","href":"https:\/\/api.w.org\/{rel}","templated":true}]}}