{"id":972,"date":"2016-05-13T09:45:12","date_gmt":"2016-05-13T12:45:12","guid":{"rendered":"https:\/\/blogs2.correiobraziliense.com.br\/vicente\/?p=972"},"modified":"2016-05-16T19:13:31","modified_gmt":"2016-05-16T22:13:31","slug":"previdencia-perde-o-social-e-e-desmembrada-em-dois-ministerios","status":"publish","type":"post","link":"https:\/\/blogs2.correiobraziliense.com.br\/vicente\/previdencia-perde-o-social-e-e-desmembrada-em-dois-ministerios\/","title":{"rendered":"Previd\u00eancia perde o social e \u00e9 desmembrada por dois minist\u00e9rios"},"content":{"rendered":"<p>POR ANTONIO TEM\u00d3TEO<\/p>\n<p>&nbsp;<\/p>\n<p>Em uma edi\u00e7\u00e3o extraordin\u00e1ria do Di\u00e1rio Oficial da Uni\u00e3o (DOU), publicada ontem, o presidente em exerc\u00edcio, Michel Temer, fez uma s\u00e9rie de mudan\u00e7as nos \u00f3rg\u00e3os que compunham a Previd\u00eancia Social, por meio da Medida Provis\u00f3ria n\u00ba 726. O Instituto Nacional do Seguro Social (INSS), com seus mais de 40 mil funcion\u00e1rios, foi transferido do Minist\u00e9rio do Trabalho para o do Desenvolvimento Social e Agr\u00e1rio.<\/p>\n<p>&nbsp;<\/p>\n<p>J\u00e1 o Conselho Nacional de Previd\u00eancia Social (CNPS) e a Empresaria de Tecnologia e Informa\u00e7\u00f5es da Previd\u00eancia Social (Dataprev) passam a ser vinculadas ao Minist\u00e9rio Fazenda e perdem o Social do nome. A pasta comanda por Henrique Meirelles ainda ser\u00e1 respons\u00e1vel pela Superintend\u00eancia Nacional de Previd\u00eancia Complementar (Previc), pelo Conselho Nacional de Previd\u00eancia Complementar e pela C\u00e2mara de Recursos da Previd\u00eancia Complementar.<\/p>\n<p>&nbsp;<\/p>\n<p>A MP 726 ainda garantiu status de ministro ao presidente do Banco Central (BC) e ao Advogado-Geral da Uni\u00e3o (AGU) at\u00e9 que uma Proposta de Emenda \u00e0 Constitui\u00e7\u00e3o (PEC) seja aprovada pelo Congresso Nacional dando a eles foro privilegiado.<\/p>\n<p>&nbsp;<\/p>\n<p><em>Bras\u00edlia, 09h45min<\/em><\/p>\n","protected":false},"excerpt":{"rendered":"<p>POR ANTONIO TEM\u00d3TEO &nbsp; Em uma edi\u00e7\u00e3o extraordin\u00e1ria do Di\u00e1rio Oficial da Uni\u00e3o (DOU), publicada ontem, o presidente em exerc\u00edcio, Michel Temer, fez uma s\u00e9rie de mudan\u00e7as nos \u00f3rg\u00e3os que compunham a Previd\u00eancia Social, por meio da Medida Provis\u00f3ria n\u00ba 726. O Instituto Nacional do Seguro Social (INSS), com seus mais de 40 mil funcion\u00e1rios, [&hellip;]<\/p>\n","protected":false},"author":22,"featured_media":0,"comment_status":"open","ping_status":"closed","sticky":false,"template":"","format":"standard","meta":{"wpb_read_more":[],"footnotes":""},"categories":[1],"tags":[],"class_list":["post-972","post","type-post","status-publish","format-standard","hentry","category-sem-categoria"],"_links":{"self":[{"href":"https:\/\/blogs2.correiobraziliense.com.br\/vicente\/wp-json\/wp\/v2\/posts\/972","targetHints":{"allow":["GET"]}}],"collection":[{"href":"https:\/\/blogs2.correiobraziliense.com.br\/vicente\/wp-json\/wp\/v2\/posts"}],"about":[{"href":"https:\/\/blogs2.correiobraziliense.com.br\/vicente\/wp-json\/wp\/v2\/types\/post"}],"author":[{"embeddable":true,"href":"https:\/\/blogs2.correiobraziliense.com.br\/vicente\/wp-json\/wp\/v2\/users\/22"}],"replies":[{"embeddable":true,"href":"https:\/\/blogs2.correiobraziliense.com.br\/vicente\/wp-json\/wp\/v2\/comments?post=972"}],"version-history":[{"count":3,"href":"https:\/\/blogs2.correiobraziliense.com.br\/vicente\/wp-json\/wp\/v2\/posts\/972\/revisions"}],"predecessor-version":[{"id":1003,"href":"https:\/\/blogs2.correiobraziliense.com.br\/vicente\/wp-json\/wp\/v2\/posts\/972\/revisions\/1003"}],"wp:attachment":[{"href":"https:\/\/blogs2.correiobraziliense.com.br\/vicente\/wp-json\/wp\/v2\/media?parent=972"}],"wp:term":[{"taxonomy":"category","embeddable":true,"href":"https:\/\/blogs2.correiobraziliense.com.br\/vicente\/wp-json\/wp\/v2\/categories?post=972"},{"taxonomy":"post_tag","embeddable":true,"href":"https:\/\/blogs2.correiobraziliense.com.br\/vicente\/wp-json\/wp\/v2\/tags?post=972"}],"curies":[{"name":"wp","href":"https:\/\/api.w.org\/{rel}","templated":true}]}}