{"id":974,"date":"2016-05-13T13:16:51","date_gmt":"2016-05-13T16:16:51","guid":{"rendered":"https:\/\/blogs2.correiobraziliense.com.br\/vicente\/?p=974"},"modified":"2016-05-16T18:32:49","modified_gmt":"2016-05-16T21:32:49","slug":"rombo-nas-contas-publicas-deste-ano-sera-maior-do-que-r-100-bi","status":"publish","type":"post","link":"https:\/\/blogs2.correiobraziliense.com.br\/vicente\/rombo-nas-contas-publicas-deste-ano-sera-maior-do-que-r-100-bi\/","title":{"rendered":"Rombo nas contas p\u00fablicas deste ano ser\u00e1 maior do que R$ 100 bi"},"content":{"rendered":"<p>O rombo nas contas p\u00fablicas deste ano ser\u00e1 superior a R$ 100 bilh\u00f5es. Para isso, o governo ter\u00e1 que mudar novamente a meta fiscal. H\u00e1 um projeto no Congresso encaminhado pela administra\u00e7\u00e3o de Dilma Rousseff pedindo a revis\u00e3o da meta de superavit de R$ 24 bilh\u00f5es para deficit de R$ 96,6 bilh\u00f5es. Esse projeto tem que ser votado at\u00e9 o dia 22 de maio.<\/p>\n<p>&nbsp;<\/p>\n<p>Mas, de acordo com Juc\u00e1 e o ministro da Sa\u00fade, Ricardo Barros, que foi relator do Or\u00e7amento de 2016, o projeto encaminhado por Dilma j\u00e1 est\u00e1 ultrapassado, diante da forte queda da arrecada\u00e7\u00e3o de mais de R$ 100 bilh\u00f5es. As previs\u00f5es do ex-ministro da Fazenda Nelson Barbosa j\u00e1 est\u00e3o ultrapassadas.<\/p>\n<p>&nbsp;<\/p>\n<p>Ao assumir que o rombo ser\u00e1 muito maior, o governo Temer come\u00e7a a preparar a sociedade para um poss\u00edvel aumento de aumentos. O ministro da Fazenda, Henrique Meirelles, j\u00e1 disse que ser\u00e1 necess\u00e1rio a cria\u00e7\u00e3o de um imposto tempor\u00e1rio, como a CPMF. O governo se preparada para, com maioria no Congresso, aprovar o tributo.<\/p>\n<p>&nbsp;<\/p>\n<p><em>Bras\u00edlia, 13h44min<\/em><\/p>\n","protected":false},"excerpt":{"rendered":"<p>O rombo nas contas p\u00fablicas deste ano ser\u00e1 superior a R$ 100 bilh\u00f5es. Para isso, o governo ter\u00e1 que mudar novamente a meta fiscal. H\u00e1 um projeto no Congresso encaminhado pela administra\u00e7\u00e3o de Dilma Rousseff pedindo a revis\u00e3o da meta de superavit de R$ 24 bilh\u00f5es para deficit de R$ 96,6 bilh\u00f5es. Esse projeto tem [&hellip;]<\/p>\n","protected":false},"author":22,"featured_media":0,"comment_status":"open","ping_status":"closed","sticky":false,"template":"","format":"standard","meta":{"wpb_read_more":[],"footnotes":""},"categories":[1],"tags":[],"class_list":["post-974","post","type-post","status-publish","format-standard","hentry","category-sem-categoria"],"_links":{"self":[{"href":"https:\/\/blogs2.correiobraziliense.com.br\/vicente\/wp-json\/wp\/v2\/posts\/974","targetHints":{"allow":["GET"]}}],"collection":[{"href":"https:\/\/blogs2.correiobraziliense.com.br\/vicente\/wp-json\/wp\/v2\/posts"}],"about":[{"href":"https:\/\/blogs2.correiobraziliense.com.br\/vicente\/wp-json\/wp\/v2\/types\/post"}],"author":[{"embeddable":true,"href":"https:\/\/blogs2.correiobraziliense.com.br\/vicente\/wp-json\/wp\/v2\/users\/22"}],"replies":[{"embeddable":true,"href":"https:\/\/blogs2.correiobraziliense.com.br\/vicente\/wp-json\/wp\/v2\/comments?post=974"}],"version-history":[{"count":2,"href":"https:\/\/blogs2.correiobraziliense.com.br\/vicente\/wp-json\/wp\/v2\/posts\/974\/revisions"}],"predecessor-version":[{"id":997,"href":"https:\/\/blogs2.correiobraziliense.com.br\/vicente\/wp-json\/wp\/v2\/posts\/974\/revisions\/997"}],"wp:attachment":[{"href":"https:\/\/blogs2.correiobraziliense.com.br\/vicente\/wp-json\/wp\/v2\/media?parent=974"}],"wp:term":[{"taxonomy":"category","embeddable":true,"href":"https:\/\/blogs2.correiobraziliense.com.br\/vicente\/wp-json\/wp\/v2\/categories?post=974"},{"taxonomy":"post_tag","embeddable":true,"href":"https:\/\/blogs2.correiobraziliense.com.br\/vicente\/wp-json\/wp\/v2\/tags?post=974"}],"curies":[{"name":"wp","href":"https:\/\/api.w.org\/{rel}","templated":true}]}}