{"id":98,"date":"2015-06-17T08:59:00","date_gmt":"2015-06-17T11:59:00","guid":{"rendered":"https:\/\/blogs2.correiobraziliense.com.br\/vicente\/complacencia_da_standard__poors\/"},"modified":"2015-06-17T08:59:00","modified_gmt":"2015-06-17T11:59:00","slug":"complacencia_da_standard__poors","status":"publish","type":"post","link":"https:\/\/blogs2.correiobraziliense.com.br\/vicente\/complacencia_da_standard__poors\/","title":{"rendered":"COMPLAC\u00caNCIA DA STANDARD  POOR&#8217;S"},"content":{"rendered":"\n<p>T\u00e9cnicos da ag\u00eancia de riscos Standard &amp; Poor\u2019s (S&amp;P) v\u00eam acompanhando com lupa os acontecimentos mais recentes do Brasil. H\u00e1 uma preocupa\u00e7\u00e3o enorme com o p\u00e9ssimo desempenho da economia, que pode registrar retra\u00e7\u00e3o de at\u00e9 2% neste ano e novo tombo em 2016.  <\/p>\n<p>Em conversas com analistas de mercado, a S&amp;P n\u00e3o descarta o rebaixamento do pa\u00eds, que est\u00e1 a um passo de perder o grau de investimentos. Os t\u00e9cnicos da ag\u00eancia ressaltam, por\u00e9m, a import\u00e2ncia de o Brasil estar passando por um processo de depura\u00e7\u00e3o, limpando mazelas como as maquiagens fiscais e reduzindo a corrup\u00e7\u00e3o na Petrobras.  <\/p>\n<p>No entender da S&amp;P, se o pre\u00e7o a ser pago pelo Brasil for a retra\u00e7\u00e3o do Produto Interno Bruto (PIB) por estar botando as contas p\u00fablicas em dia com transpar\u00eancia, aumentando as taxas de juros para derrubar a infla\u00e7\u00e3o e limpando a Petrobras por meio da Opera\u00e7\u00e3o Lava-Jato, a tend\u00eancia \u00e9 de haver complac\u00eancia. A chancela de bom pagador do pa\u00eds ser\u00e1 mantida.  <\/p>\n<p>Os t\u00e9cnicos da S&amp;P ressaltam que o ajuste fiscal prometido pelo ministro da Fazenda, Joaquim Levy, est\u00e1 no caminho certo, independentemente dos percal\u00e7os impostos pelo Congresso. Mesmo que o governo n\u00e3o consiga atingir a meta de superavit de 1,2% do PIB neste ano, o importante \u00e9 a dire\u00e7\u00e3o, que, neste primeiro momento, parece correta.  <\/p>\n<p>Na avalia\u00e7\u00e3o da ag\u00eancia, Dilma Rousseff n\u00e3o pode retroceder no ajuste, mesmo que a press\u00e3o de seu partido, o PT, seja forte, em nome das elei\u00e7\u00f5es de 2018, quando Lula dever\u00e1 ser o candidato \u00e0 sucess\u00e3o presidencial. Se n\u00e3o houvesse uma mudan\u00e7a de postura do governo, depois do desastre dos \u00faltimos quatro anos, o Brasil quebraria e levaria anos e anos para se reconstruir.  <\/p>\n<p>O fato de a Justi\u00e7a estar levando, sem interfer\u00eancia, a Opera\u00e7\u00e3o Lava-Jato, que envolve pol\u00edticos de calibre, tamb\u00e9m merece destaque, na avalia\u00e7\u00e3o da S&amp;P. Para os t\u00e9cnicos da ag\u00eancia, se um caso de corrup\u00e7\u00e3o como a da Petrobras ocorresse no M\u00e9xico, certamente o resultado seria diferente, com muita coisa abafada.  <\/p>\n<p>Isso comprova, segundo a S&amp;P, a for\u00e7a das institui\u00e7\u00f5es brasileiras e a maturidade do pa\u00eds. A percep\u00e7\u00e3o na ag\u00eancia \u00e9 de que, depois do estrago feito pelas \u201cpedaladas\u201d fiscais, que podem comprometer a aprova\u00e7\u00e3o das contas de 2014 do governo Dilma \u2014 o Tribunal de Contas da Uni\u00e3o (TCU) dar\u00e1 seu parecer hoje \u2014, nenhum governo se arriscar\u00e1 a novamente p\u00f4r em risco os pilares da economia.  <\/p>\n<p>Quanto \u00e0 corrup\u00e7\u00e3o, a percep\u00e7\u00e3o da S&amp;P \u00e9 de que, depois do esc\u00e2ndalo da Petrobras, a roubalheira tender\u00e1 a diminuir, sobretudo se as investiga\u00e7\u00f5es forem at\u00e9 o fim e os culpados por desviarem tanto dinheiro da maior estatal do pa\u00eds forem para condenados com rigor e presos.  <\/p>\n<p><b>O emprego sumiu<\/b>  <\/p>\n<p>Ainda que a S&amp;P tenha sinalizado complac\u00eancia com o Brasil, o governo ter\u00e1 tempos dif\u00edceis pela frente. O desemprego est\u00e1 mostrando a sua face cruel mais rapidamente que o esperado. Os n\u00fameros de maio do Cadastro Geral de Empregados e Desempregados (Caged) que est\u00e3o de posse do Planalto s\u00e3o assustadores.  <\/p>\n<p>A perspectiva era de que os dados fossem divulgados no in\u00edcio desta semana. Mas a op\u00e7\u00e3o foi por segur\u00e1-los num momento de grande embate entre o governo e as centrais sindicais, por causa do fator previdenci\u00e1rio. Comprovar o grande fechamento de postos formais de trabalho s\u00f3 alimentaria o discurso contra a atual pol\u00edtica econ\u00f4mica.  <\/p>\n<p>As previs\u00f5es mais otimistas do mercado financeiro, feitas pelo Banco Icatu, apontam o fechamento l\u00edquido (contrata\u00e7\u00f5es menos demiss\u00f5es) de 30 mil postos no m\u00eas passado. As mais pessimistas, do Banco Fator, indicam que 124 mil vagas desapareceram.  <\/p>\n<p>T\u00e9cnicos do governo reconhecem que o emprego sumiu. O mercado de trabalho foi o \u00faltimo a sentir o baque da crise e, infelizmente, ser\u00e1 o \u00faltimo a se recuperar quando a economia se fortalecer. As empresas seguraram o quanto puderam para cortar pessoal, porque demitir no Brasil custa caro. Chegaram ao limite, ao fim da linha.  <\/p>\n<p>Entre integrantes da equipe econ\u00f4mica, a vis\u00e3o \u00e9 de que o custo unit\u00e1rio da m\u00e3o de obra no Brasil continua alto, o que pressiona a planilha de gastos do setor produtivo. Al\u00e9m disso, o mundo est\u00e1 crescendo pouco, o real n\u00e3o se desvalorizou o suficiente para dar competitividade \u00e0s exporta\u00e7\u00f5es e o pa\u00eds convive com um aperto gigantesco.  <\/p>\n<p>Os analistas mais pessimistas acreditam que o desemprego nas seis maiores regi\u00f5es metropolitanas do pa\u00eds, que est\u00e1 em 6,4%, pode chegar a 10% no fim do ano. J\u00e1 a Pnad Cont\u00ednua, que reflete o mercado de trabalho em todo o pa\u00eds, tende a disparar para 12% ou 14%, ante os 8% atuais.  <\/p>\n<p>Com o desemprego nesses n\u00edveis, ruiu o \u00faltimo pilar do discurso do governo, de que todas as medidas tomadas nos \u00faltimos quatro anos foram para proteger o mercado de trabalho. Na verdade, os truques fiscais, os malabarismos com as contas p\u00fablicas, s\u00f3 contrataram o pior. A conta, todos n\u00f3s sabemos quem est\u00e1 pagando.   <\/p>\n<p><i>Bras\u00edlia, 08h59min<\/i>   <\/p>\n","protected":false},"excerpt":{"rendered":"<p>T\u00e9cnicos da ag\u00eancia de riscos Standard &amp; Poor\u2019s (S&amp;P) v\u00eam acompanhando com lupa os acontecimentos mais recentes do Brasil. H\u00e1 uma preocupa\u00e7\u00e3o enorme com o p\u00e9ssimo desempenho da economia, que pode registrar retra\u00e7\u00e3o de at\u00e9 2% neste ano e novo tombo em 2016. Em conversas com analistas de mercado, a S&amp;P n\u00e3o descarta o rebaixamento [&hellip;]<\/p>\n","protected":false},"author":22,"featured_media":0,"comment_status":"open","ping_status":"open","sticky":false,"template":"","format":"standard","meta":{"wpb_read_more":[],"footnotes":""},"categories":[1],"tags":[],"class_list":["post-98","post","type-post","status-publish","format-standard","hentry","category-sem-categoria"],"_links":{"self":[{"href":"https:\/\/blogs2.correiobraziliense.com.br\/vicente\/wp-json\/wp\/v2\/posts\/98","targetHints":{"allow":["GET"]}}],"collection":[{"href":"https:\/\/blogs2.correiobraziliense.com.br\/vicente\/wp-json\/wp\/v2\/posts"}],"about":[{"href":"https:\/\/blogs2.correiobraziliense.com.br\/vicente\/wp-json\/wp\/v2\/types\/post"}],"author":[{"embeddable":true,"href":"https:\/\/blogs2.correiobraziliense.com.br\/vicente\/wp-json\/wp\/v2\/users\/22"}],"replies":[{"embeddable":true,"href":"https:\/\/blogs2.correiobraziliense.com.br\/vicente\/wp-json\/wp\/v2\/comments?post=98"}],"version-history":[{"count":0,"href":"https:\/\/blogs2.correiobraziliense.com.br\/vicente\/wp-json\/wp\/v2\/posts\/98\/revisions"}],"wp:attachment":[{"href":"https:\/\/blogs2.correiobraziliense.com.br\/vicente\/wp-json\/wp\/v2\/media?parent=98"}],"wp:term":[{"taxonomy":"category","embeddable":true,"href":"https:\/\/blogs2.correiobraziliense.com.br\/vicente\/wp-json\/wp\/v2\/categories?post=98"},{"taxonomy":"post_tag","embeddable":true,"href":"https:\/\/blogs2.correiobraziliense.com.br\/vicente\/wp-json\/wp\/v2\/tags?post=98"}],"curies":[{"name":"wp","href":"https:\/\/api.w.org\/{rel}","templated":true}]}}