{"id":9810,"date":"2019-01-23T19:33:03","date_gmt":"2019-01-23T21:33:03","guid":{"rendered":"https:\/\/blogs2.correiobraziliense.com.br\/vicente\/?p=9810"},"modified":"2019-01-24T20:39:31","modified_gmt":"2019-01-24T22:39:31","slug":"indicados-por-katia-abreu-continuam-dando-as-cartas-na-agricultura","status":"publish","type":"post","link":"https:\/\/blogs2.correiobraziliense.com.br\/vicente\/indicados-por-katia-abreu-continuam-dando-as-cartas-na-agricultura\/","title":{"rendered":"Indicados por K\u00e1tia Abreu continuam dando as cartas na Agricultura"},"content":{"rendered":"<h2>A senadora K\u00e1tia Abreu deixou o Minist\u00e9rio da Agricultura h\u00e1 mais de dois anos, foi candidata a vice-presidente na chapa encabe\u00e7ada por Ciro Gomes (PDT) e se diz claramente oposi\u00e7\u00e3o ao governo de Jair Bolsonaro, mas continua dando as cartas na pasta de comandou.<\/h2>\n<p>&nbsp;<\/p>\n<p><a href=\"https:\/\/blogs2.correiobraziliense.com.br\/vicente\/wp-content\/uploads\/sites\/16\/2019\/01\/KatiaAbreu.jpg\"><img loading=\"lazy\" decoding=\"async\" class=\"alignnone size-full wp-image-9811\" src=\"https:\/\/blogs2.correiobraziliense.com.br\/vicente\/wp-content\/uploads\/sites\/16\/2019\/01\/KatiaAbreu.jpg\" alt=\"\" width=\"820\" height=\"448\" srcset=\"https:\/\/blogs2.correiobraziliense.com.br\/vicente\/wp-content\/uploads\/sites\/16\/2019\/01\/KatiaAbreu.jpg 820w, https:\/\/blogs2.correiobraziliense.com.br\/vicente\/wp-content\/uploads\/sites\/16\/2019\/01\/KatiaAbreu-300x164.jpg 300w, https:\/\/blogs2.correiobraziliense.com.br\/vicente\/wp-content\/uploads\/sites\/16\/2019\/01\/KatiaAbreu-768x420.jpg 768w, https:\/\/blogs2.correiobraziliense.com.br\/vicente\/wp-content\/uploads\/sites\/16\/2019\/01\/KatiaAbreu-350x191.jpg 350w, https:\/\/blogs2.correiobraziliense.com.br\/vicente\/wp-content\/uploads\/sites\/16\/2019\/01\/KatiaAbreu-550x300.jpg 550w, https:\/\/blogs2.correiobraziliense.com.br\/vicente\/wp-content\/uploads\/sites\/16\/2019\/01\/KatiaAbreu-230x126.jpg 230w\" sizes=\"auto, (max-width: 820px) 100vw, 820px\" \/><\/a><\/p>\n<p>Foto:\u00a0Evaristo S\u00e1\/AFP<\/p>\n<p>&nbsp;<\/p>\n<p>V\u00e1rios dos indicados por ela continuam firmes e fortes nos cargos. E ainda devem ser promovidos pela atual ministra da Agricultura, Teresa Cristina, no processo de reestrutura\u00e7\u00e3o da pasta que passar\u00e1 a valer a partir desta sexta-feira, 25 de janeiro.<\/p>\n<p>&nbsp;<\/p>\n<p>Um dos homens de confian\u00e7a de K\u00e1tia Abreu \u00e9 Pedro Alves Correa Neto, atual diretor do Departamento de Desenvolvimento de Cadeias Produtivas e Produ\u00e7\u00e3o Sustent\u00e1vel (Depros). Na nova estrutura, ele ser\u00e1 secret\u00e1rio-adjunto de Tecnologia e Desenvolvimento. A senadora, por sinal j\u00e1 felicitou o pupilo pela nova fun\u00e7\u00e3o.<\/p>\n<p>&nbsp;<\/p>\n<p>A lista de indicados por K\u00e1tia Abreu que continuam na Agricultura inclui Lizane Soares Ferreira, coordenadora-geral de Apoio \u00e0s Superintend\u00eancias, \u00f3rg\u00e3o vinculado \u00e0 secret\u00e1ria executiva do minist\u00e9rio. E mais: Glair Nogueira Moraes, chefe de divis\u00e3o da Secretaria de Agricultura Familiar e Cooperativismo; e Mirna L\u00facia de Almeida Correia, coordenadora da mesma secretaria.<\/p>\n<p>&nbsp;<\/p>\n<p>Todos, a princ\u00edpio, continuar\u00e3o atuando sob o comando de Teresa Cristina, mas ser\u00e3o eternamente gratos a K\u00e1tia Abreu.<\/p>\n<p>&nbsp;<\/p>\n<p><em>Bras\u00edlia, 19h33min<\/em><\/p>\n","protected":false},"excerpt":{"rendered":"<p>A senadora K\u00e1tia Abreu deixou o Minist\u00e9rio da Agricultura h\u00e1 mais de dois anos, foi candidata a vice-presidente na chapa encabe\u00e7ada por Ciro Gomes (PDT) e se diz claramente oposi\u00e7\u00e3o ao governo de Jair Bolsonaro, mas continua dando as cartas na pasta de comandou. &nbsp; Foto:\u00a0Evaristo S\u00e1\/AFP &nbsp; V\u00e1rios dos indicados por ela continuam firmes [&hellip;]<\/p>\n","protected":false},"author":22,"featured_media":0,"comment_status":"open","ping_status":"closed","sticky":false,"template":"","format":"standard","meta":{"wpb_read_more":[],"footnotes":""},"categories":[600],"tags":[],"class_list":["post-9810","post","type-post","status-publish","format-standard","hentry","category-economia"],"_links":{"self":[{"href":"https:\/\/blogs2.correiobraziliense.com.br\/vicente\/wp-json\/wp\/v2\/posts\/9810","targetHints":{"allow":["GET"]}}],"collection":[{"href":"https:\/\/blogs2.correiobraziliense.com.br\/vicente\/wp-json\/wp\/v2\/posts"}],"about":[{"href":"https:\/\/blogs2.correiobraziliense.com.br\/vicente\/wp-json\/wp\/v2\/types\/post"}],"author":[{"embeddable":true,"href":"https:\/\/blogs2.correiobraziliense.com.br\/vicente\/wp-json\/wp\/v2\/users\/22"}],"replies":[{"embeddable":true,"href":"https:\/\/blogs2.correiobraziliense.com.br\/vicente\/wp-json\/wp\/v2\/comments?post=9810"}],"version-history":[{"count":4,"href":"https:\/\/blogs2.correiobraziliense.com.br\/vicente\/wp-json\/wp\/v2\/posts\/9810\/revisions"}],"predecessor-version":[{"id":9836,"href":"https:\/\/blogs2.correiobraziliense.com.br\/vicente\/wp-json\/wp\/v2\/posts\/9810\/revisions\/9836"}],"wp:attachment":[{"href":"https:\/\/blogs2.correiobraziliense.com.br\/vicente\/wp-json\/wp\/v2\/media?parent=9810"}],"wp:term":[{"taxonomy":"category","embeddable":true,"href":"https:\/\/blogs2.correiobraziliense.com.br\/vicente\/wp-json\/wp\/v2\/categories?post=9810"},{"taxonomy":"post_tag","embeddable":true,"href":"https:\/\/blogs2.correiobraziliense.com.br\/vicente\/wp-json\/wp\/v2\/tags?post=9810"}],"curies":[{"name":"wp","href":"https:\/\/api.w.org\/{rel}","templated":true}]}}