{"id":984,"date":"2016-05-16T10:10:48","date_gmt":"2016-05-16T13:10:48","guid":{"rendered":"https:\/\/blogs2.correiobraziliense.com.br\/vicente\/?p=984"},"modified":"2016-05-16T19:12:26","modified_gmt":"2016-05-16T22:12:26","slug":"equipe-economica-esta-fechada","status":"publish","type":"post","link":"https:\/\/blogs2.correiobraziliense.com.br\/vicente\/equipe-economica-esta-fechada\/","title":{"rendered":"Equipe econ\u00f4mica est\u00e1 fechada. Pedro Parente pode ir para a Petrobras"},"content":{"rendered":"<p>POR ROSANA HESSEL<\/p>\n<p>&nbsp;<\/p>\n<p>O ministro da Fazenda, Henrique Meirelles, j\u00e1 bateu o martelo sobre os nomes que compor\u00e3o a equipe econ\u00f4mica. No minist\u00e9rio, com exce\u00e7\u00e3o de Jorge Rachid, da Receita Federal, todos os secret\u00e1rios ser\u00e3o substitu\u00eddos. O ministro j\u00e1 recebeu o aval do presidente em exerc\u00edcio, Michel Temer, para fazer as trocas.<\/p>\n<p>&nbsp;<\/p>\n<p>Ilan Goldfajn vai mesmo para o Banco Central. A equipe da Fazenda, contar\u00e1 com Carlos Hamilton, Mansueto Almeida, Marcos Mendes (j\u00e1 confirmado) e Tarc\u00edsio Godoy (secret\u00e1rio executivo, que j\u00e1 est\u00e1 trabalhando). Na nova cara da Fazenda, a Secretaria de Acompanhamento Econ\u00f4mico deve desaparecer de vez da estrutura.<\/p>\n<p>&nbsp;<\/p>\n<p>Tudo indica que Pedro Parente, ex-ministro da Casa Civil de Fernando Henrique Cardoso, deve assumir a presid\u00eancia da Petrobras.<\/p>\n<p>&nbsp;<\/p>\n<p>Meirelles est\u00e1 com a agenda lotada nesta segunda-feira. Al\u00e9m de um encontro com o presidente do BC, Alexandre Tombini, para\u00a0 definir a transi\u00e7\u00e3o no comando da institui\u00e7\u00e3o e ouvir relatos sobre como o banco est\u00e1 vendo a economia e dos desafios que est\u00e3o colocados, Meirelles falar\u00e1 com o ministro de Minas e Energia, Fernando Coelho Filho, para tratar de uma solu\u00e7\u00e3o para a Eletrobras, que s\u00f3 tem esta semana para publicar seu balan\u00e7o.<\/p>\n<p>&nbsp;<\/p>\n<p>Se n\u00e3o o fizer, a estatal ter\u00e1 que pagar antecipadamente R$ 44 bilh\u00f5es em b\u00f4nus que est\u00e3o em poder de credores. As a\u00e7\u00f5es da companhia poder\u00e3o ser retiradas do preg\u00e3o da Bolsa de Nova York.<\/p>\n<p>&nbsp;<\/p>\n<p><em>Bras\u00edlia, 10h10min<\/em><\/p>\n","protected":false},"excerpt":{"rendered":"<p>POR ROSANA HESSEL &nbsp; O ministro da Fazenda, Henrique Meirelles, j\u00e1 bateu o martelo sobre os nomes que compor\u00e3o a equipe econ\u00f4mica. No minist\u00e9rio, com exce\u00e7\u00e3o de Jorge Rachid, da Receita Federal, todos os secret\u00e1rios ser\u00e3o substitu\u00eddos. O ministro j\u00e1 recebeu o aval do presidente em exerc\u00edcio, Michel Temer, para fazer as trocas. &nbsp; Ilan [&hellip;]<\/p>\n","protected":false},"author":22,"featured_media":0,"comment_status":"open","ping_status":"closed","sticky":false,"template":"","format":"standard","meta":{"wpb_read_more":[],"footnotes":""},"categories":[1],"tags":[],"class_list":["post-984","post","type-post","status-publish","format-standard","hentry","category-sem-categoria"],"_links":{"self":[{"href":"https:\/\/blogs2.correiobraziliense.com.br\/vicente\/wp-json\/wp\/v2\/posts\/984","targetHints":{"allow":["GET"]}}],"collection":[{"href":"https:\/\/blogs2.correiobraziliense.com.br\/vicente\/wp-json\/wp\/v2\/posts"}],"about":[{"href":"https:\/\/blogs2.correiobraziliense.com.br\/vicente\/wp-json\/wp\/v2\/types\/post"}],"author":[{"embeddable":true,"href":"https:\/\/blogs2.correiobraziliense.com.br\/vicente\/wp-json\/wp\/v2\/users\/22"}],"replies":[{"embeddable":true,"href":"https:\/\/blogs2.correiobraziliense.com.br\/vicente\/wp-json\/wp\/v2\/comments?post=984"}],"version-history":[{"count":4,"href":"https:\/\/blogs2.correiobraziliense.com.br\/vicente\/wp-json\/wp\/v2\/posts\/984\/revisions"}],"predecessor-version":[{"id":1002,"href":"https:\/\/blogs2.correiobraziliense.com.br\/vicente\/wp-json\/wp\/v2\/posts\/984\/revisions\/1002"}],"wp:attachment":[{"href":"https:\/\/blogs2.correiobraziliense.com.br\/vicente\/wp-json\/wp\/v2\/media?parent=984"}],"wp:term":[{"taxonomy":"category","embeddable":true,"href":"https:\/\/blogs2.correiobraziliense.com.br\/vicente\/wp-json\/wp\/v2\/categories?post=984"},{"taxonomy":"post_tag","embeddable":true,"href":"https:\/\/blogs2.correiobraziliense.com.br\/vicente\/wp-json\/wp\/v2\/tags?post=984"}],"curies":[{"name":"wp","href":"https:\/\/api.w.org\/{rel}","templated":true}]}}