{"id":9876,"date":"2019-01-31T12:32:02","date_gmt":"2019-01-31T14:32:02","guid":{"rendered":"https:\/\/blogs2.correiobraziliense.com.br\/vicente\/?p=9876"},"modified":"2019-01-31T12:32:02","modified_gmt":"2019-01-31T14:32:02","slug":"bolsonaro-fara-visita-aos-estados-unidos-no-fim-de-marco","status":"publish","type":"post","link":"https:\/\/blogs2.correiobraziliense.com.br\/vicente\/bolsonaro-fara-visita-aos-estados-unidos-no-fim-de-marco\/","title":{"rendered":"Bolsonaro far\u00e1 visita aos Estados Unidos no fim de mar\u00e7o"},"content":{"rendered":"<h2>ROSANA HESSEL<\/h2>\n<h2>\nO presidente Jair Bolsonaro pretende fazer uma visita oficial ao presidente dos Estados Unidos, Donald Trump, no fim de mar\u00e7o. O ministro da Economia, Paulo Guedes, recebeu na manh\u00e3 desta quinta-feira (31\/01), o embaixador interino dos EUA no Brasil, William Pop. A confirma\u00e7\u00e3o da visita foi um dos assuntos da reuni\u00e3o, de acordo com uma fonte do governo que falou com o <strong>Blog<\/strong>.<\/h2>\n<p>&nbsp;<\/p>\n<p>Participaram do encontro no gabinete do superministro de Bolsonaro o secret\u00e1rio-executivo da pasta, Marcelo Guaranys, o secret\u00e1rio especial de Com\u00e9rcio Exterior e Assuntos Internacionais da Economia, Marcos Troyjo, a coordenadora-geral da Secretaria Especial de Com\u00e9rcio Exterior e Assuntos Internacionais, Danielle Delduque, a ministra-chefe da Sec\u00e3o Econ\u00f4mica da Embaixada dos EUA, Valerie Belon, o representante da Se\u00e7\u00e3o Econ\u00f4mica da Embaixada dos EUA, Frank DeParis, e o representante da Se\u00e7\u00e3o Comercial da Embaixada dos EUA, Hector Maldonado. O embaixador saiu sem falar.<\/p>\n<p>&nbsp;<\/p>\n<p><em>Bras\u00edlia, 12h29min<\/em><\/p>\n","protected":false},"excerpt":{"rendered":"<p>ROSANA HESSEL O presidente Jair Bolsonaro pretende fazer uma visita oficial ao presidente dos Estados Unidos, Donald Trump, no fim de mar\u00e7o. O ministro da Economia, Paulo Guedes, recebeu na manh\u00e3 desta quinta-feira (31\/01), o embaixador interino dos EUA no Brasil, William Pop. A confirma\u00e7\u00e3o da visita foi um dos assuntos da reuni\u00e3o, de acordo [&hellip;]<\/p>\n","protected":false},"author":22,"featured_media":0,"comment_status":"open","ping_status":"closed","sticky":false,"template":"","format":"standard","meta":{"wpb_read_more":[],"footnotes":""},"categories":[600],"tags":[2554,363,3637,3616,3668],"class_list":["post-9876","post","type-post","status-publish","format-standard","hentry","category-economia","tag-bolsonaro","tag-estados-unidos","tag-eua","tag-guedes","tag-visita"],"_links":{"self":[{"href":"https:\/\/blogs2.correiobraziliense.com.br\/vicente\/wp-json\/wp\/v2\/posts\/9876","targetHints":{"allow":["GET"]}}],"collection":[{"href":"https:\/\/blogs2.correiobraziliense.com.br\/vicente\/wp-json\/wp\/v2\/posts"}],"about":[{"href":"https:\/\/blogs2.correiobraziliense.com.br\/vicente\/wp-json\/wp\/v2\/types\/post"}],"author":[{"embeddable":true,"href":"https:\/\/blogs2.correiobraziliense.com.br\/vicente\/wp-json\/wp\/v2\/users\/22"}],"replies":[{"embeddable":true,"href":"https:\/\/blogs2.correiobraziliense.com.br\/vicente\/wp-json\/wp\/v2\/comments?post=9876"}],"version-history":[{"count":1,"href":"https:\/\/blogs2.correiobraziliense.com.br\/vicente\/wp-json\/wp\/v2\/posts\/9876\/revisions"}],"predecessor-version":[{"id":9877,"href":"https:\/\/blogs2.correiobraziliense.com.br\/vicente\/wp-json\/wp\/v2\/posts\/9876\/revisions\/9877"}],"wp:attachment":[{"href":"https:\/\/blogs2.correiobraziliense.com.br\/vicente\/wp-json\/wp\/v2\/media?parent=9876"}],"wp:term":[{"taxonomy":"category","embeddable":true,"href":"https:\/\/blogs2.correiobraziliense.com.br\/vicente\/wp-json\/wp\/v2\/categories?post=9876"},{"taxonomy":"post_tag","embeddable":true,"href":"https:\/\/blogs2.correiobraziliense.com.br\/vicente\/wp-json\/wp\/v2\/tags?post=9876"}],"curies":[{"name":"wp","href":"https:\/\/api.w.org\/{rel}","templated":true}]}}