{"id":990,"date":"2016-05-16T17:22:31","date_gmt":"2016-05-16T20:22:31","guid":{"rendered":"https:\/\/blogs2.correiobraziliense.com.br\/vicente\/?p=990"},"modified":"2016-05-16T18:25:40","modified_gmt":"2016-05-16T21:25:40","slug":"diretor-do-bc-sonda-com-o-mercado-qual-expectativa-em-relacao-ajuste-fiscal-de-temer","status":"publish","type":"post","link":"https:\/\/blogs2.correiobraziliense.com.br\/vicente\/diretor-do-bc-sonda-com-o-mercado-qual-expectativa-em-relacao-ajuste-fiscal-de-temer\/","title":{"rendered":"Diretor do BC sonda com o mercado qual a expectativa em rela\u00e7\u00e3o ao ajuste fiscal de Temer"},"content":{"rendered":"<p>O diretor de Pol\u00edtica Econ\u00f4mica do Banco Central, Altamir Lopes, est\u00e1 tendo uma s\u00e9rie de encontros com analistas de mercado para saber como eles est\u00e3o vendo a economia e, sobretudo, o que todos esperam em rela\u00e7\u00e3o ao governo de Michel Temer.<\/p>\n<p>&nbsp;<\/p>\n<p>Altamir se mostrou, particularmente, interessado em saber como est\u00e1 a expectativa em rela\u00e7\u00e3o \u00e0 promessa de Temer de fazer um ajuste fiscal consistente, processo que ser\u00e1 tocado pelo ministro da Fazenda, Henrique Meirelles. O objetivo do diretor do BC \u00e9 saber como os especialistas est\u00e3o considerando a hip\u00f3tese de haver frustra\u00e7\u00e3o com a arruma\u00e7\u00e3o das contas p\u00fablicas.<\/p>\n<p>&nbsp;<\/p>\n<p>Apesar de uma parcela relevante dos especialistas reunidos com o diretor do BC ter defendido que ajuste fiscal traz impacto positivo para a volta da confian\u00e7a, muitos disseram que n\u00e3o est\u00e1 t\u00e3o claro que ser\u00e1 alcan\u00e7ado, porque exigir\u00e1 medidas duras, impopulares, como a reforma da Previd\u00eancia Social. Poucos acreditam que Temer e Meirelles ter\u00e3o sucesso nessa empreitada.<\/p>\n<p>&nbsp;<\/p>\n<p><strong>Infla\u00e7\u00e3o e crescimento<\/strong><\/p>\n<p>&nbsp;<\/p>\n<p>Segundo relato de participantes dos encontros, Altamir reconheceu a melhora da infla\u00e7\u00e3o, especialmente a de servi\u00e7os, seriamente afetada pela recess\u00e3o. As taxas estariam convergindo para o cen\u00e1rio tra\u00e7ado pelo BC, mas ainda est\u00e3o acima do desej\u00e1vel.<\/p>\n<p>&nbsp;<\/p>\n<p>Sobre o n\u00edvel da atividade, houve muita diverg\u00eancia entre os analistas. Alguns levantaram a possibilidade de o Produto Interno Bruto (PIB) ser bem melhor em 2017, com crescimento pr\u00f3ximo de 2%. Houve quem falasse em incremento de at\u00e9 3%.<\/p>\n<p>&nbsp;<\/p>\n<p>Prevaleceu, por\u00e9m, a vis\u00e3o de que os investimentos, vitais para a recupera\u00e7\u00e3o da atividade, enfrentam um quadro muito desafiador, com cr\u00e9dito caro e escasso, balan\u00e7o das empresas no vermelho e marco regulat\u00f3rio deficiente para projetos de infraestrutura.<\/p>\n<p>&nbsp;<\/p>\n<p><em>Bras\u00edlia, 17h18min<\/em><\/p>\n","protected":false},"excerpt":{"rendered":"<p>O diretor de Pol\u00edtica Econ\u00f4mica do Banco Central, Altamir Lopes, est\u00e1 tendo uma s\u00e9rie de encontros com analistas de mercado para saber como eles est\u00e3o vendo a economia e, sobretudo, o que todos esperam em rela\u00e7\u00e3o ao governo de Michel Temer. &nbsp; Altamir se mostrou, particularmente, interessado em saber como est\u00e1 a expectativa em rela\u00e7\u00e3o [&hellip;]<\/p>\n","protected":false},"author":22,"featured_media":0,"comment_status":"open","ping_status":"closed","sticky":false,"template":"","format":"standard","meta":{"wpb_read_more":[],"footnotes":""},"categories":[1],"tags":[],"class_list":["post-990","post","type-post","status-publish","format-standard","hentry","category-sem-categoria"],"_links":{"self":[{"href":"https:\/\/blogs2.correiobraziliense.com.br\/vicente\/wp-json\/wp\/v2\/posts\/990","targetHints":{"allow":["GET"]}}],"collection":[{"href":"https:\/\/blogs2.correiobraziliense.com.br\/vicente\/wp-json\/wp\/v2\/posts"}],"about":[{"href":"https:\/\/blogs2.correiobraziliense.com.br\/vicente\/wp-json\/wp\/v2\/types\/post"}],"author":[{"embeddable":true,"href":"https:\/\/blogs2.correiobraziliense.com.br\/vicente\/wp-json\/wp\/v2\/users\/22"}],"replies":[{"embeddable":true,"href":"https:\/\/blogs2.correiobraziliense.com.br\/vicente\/wp-json\/wp\/v2\/comments?post=990"}],"version-history":[{"count":2,"href":"https:\/\/blogs2.correiobraziliense.com.br\/vicente\/wp-json\/wp\/v2\/posts\/990\/revisions"}],"predecessor-version":[{"id":992,"href":"https:\/\/blogs2.correiobraziliense.com.br\/vicente\/wp-json\/wp\/v2\/posts\/990\/revisions\/992"}],"wp:attachment":[{"href":"https:\/\/blogs2.correiobraziliense.com.br\/vicente\/wp-json\/wp\/v2\/media?parent=990"}],"wp:term":[{"taxonomy":"category","embeddable":true,"href":"https:\/\/blogs2.correiobraziliense.com.br\/vicente\/wp-json\/wp\/v2\/categories?post=990"},{"taxonomy":"post_tag","embeddable":true,"href":"https:\/\/blogs2.correiobraziliense.com.br\/vicente\/wp-json\/wp\/v2\/tags?post=990"}],"curies":[{"name":"wp","href":"https:\/\/api.w.org\/{rel}","templated":true}]}}