{"id":9948,"date":"2019-02-06T16:09:04","date_gmt":"2019-02-06T18:09:04","guid":{"rendered":"https:\/\/blogs2.correiobraziliense.com.br\/vicente\/?p=9948"},"modified":"2019-02-06T18:21:08","modified_gmt":"2019-02-06T20:21:08","slug":"governo-preve-reduzir-aliquota-de-contribuicao-ao-inss-sobre-salario-minimo","status":"publish","type":"post","link":"https:\/\/blogs2.correiobraziliense.com.br\/vicente\/governo-preve-reduzir-aliquota-de-contribuicao-ao-inss-sobre-salario-minimo\/","title":{"rendered":"Governo prev\u00ea reduzir al\u00edquota de contribui\u00e7\u00e3o ao INSS sobre sal\u00e1rio m\u00ednimo"},"content":{"rendered":"<h2>ALESSANDRA AZEVEDO<\/h2>\n<h2><\/h2>\n<h2>O governo estuda criar al\u00edquotas diferenciadas para contribui\u00e7\u00e3o previdenci\u00e1ria. A ideia \u00e9 que varie de acordo com a remunera\u00e7\u00e3o: quanto maior o sal\u00e1rio, maior a contribui\u00e7\u00e3o. Para o sal\u00e1rio m\u00ednimo, a al\u00edquota cairia de 8% para 7,5%.<\/h2>\n<p>&nbsp;<\/p>\n<p>&#8220;\u00c9 a mesma l\u00f3gica do Imposto de Renda, o que seria muito bom para mostrar que a reforma n\u00e3o prejudicar\u00e1 os mais pobres&#8221;, explicou uma fonte a par das negocia\u00e7\u00f5es. A princ\u00edpio, os militares e os servidores p\u00fablicos seriam inclu\u00eddos nessa regra.<\/p>\n<p>&nbsp;<\/p>\n<figure id=\"attachment_9949\" aria-describedby=\"caption-attachment-9949\" style=\"width: 531px\" class=\"wp-caption alignleft\"><a href=\"https:\/\/blogs2.correiobraziliense.com.br\/vicente\/wp-content\/uploads\/sites\/16\/2019\/02\/INSS1.jpg\"><img loading=\"lazy\" decoding=\"async\" class=\" wp-image-9949\" src=\"https:\/\/blogs2.correiobraziliense.com.br\/vicente\/wp-content\/uploads\/sites\/16\/2019\/02\/INSS1.jpg\" alt=\"\" width=\"531\" height=\"353\" srcset=\"https:\/\/blogs2.correiobraziliense.com.br\/vicente\/wp-content\/uploads\/sites\/16\/2019\/02\/INSS1.jpg 800w, https:\/\/blogs2.correiobraziliense.com.br\/vicente\/wp-content\/uploads\/sites\/16\/2019\/02\/INSS1-300x200.jpg 300w, https:\/\/blogs2.correiobraziliense.com.br\/vicente\/wp-content\/uploads\/sites\/16\/2019\/02\/INSS1-768x511.jpg 768w, https:\/\/blogs2.correiobraziliense.com.br\/vicente\/wp-content\/uploads\/sites\/16\/2019\/02\/INSS1-350x233.jpg 350w, https:\/\/blogs2.correiobraziliense.com.br\/vicente\/wp-content\/uploads\/sites\/16\/2019\/02\/INSS1-550x366.jpg 550w, https:\/\/blogs2.correiobraziliense.com.br\/vicente\/wp-content\/uploads\/sites\/16\/2019\/02\/INSS1-230x153.jpg 230w\" sizes=\"auto, (max-width: 531px) 100vw, 531px\" \/><\/a><figcaption id=\"caption-attachment-9949\" class=\"wp-caption-text\"><strong>Foto:<\/strong> Carlos Vieiral\/Esp.CB\/D.A Press<\/figcaption><\/figure>\n<p>Para os servidores p\u00fablicos, o governo pretende manter o que estava no parecer do deputado Arthur Maia (DEM-BA), que relatou a PEC do ex-presidente Michel Temer na comiss\u00e3o especial. Integralidade e paridade, para quem entrou no servi\u00e7o p\u00fablico depois de 2003, s\u00f3 aos 65 anos de idade.<\/p>\n<p>&nbsp;<\/p>\n<p>Outro ponto que a equipe econ\u00f4mica n\u00e3o quer deixar de colocar na reforma \u00e9 alguma mudan\u00e7a no Benef\u00edcio de Presta\u00e7\u00e3o Continuada (BPC), embora alguns aliados digam que seria um desgaste desnecess\u00e1rio.<\/p>\n<p>&nbsp;<\/p>\n<p>\u00c9 grande a chance de que o texto enviado \u00e0 C\u00e2mara desvincule o benef\u00edcio do sal\u00e1rio m\u00ednimo, como tentou fazer o ex-presidente Michel Temer, na proposta que enviou em 2016. &#8220;Se tentarem fazer isso, est\u00e3o lascados&#8221;, disse um deputado da base governista.<\/p>\n<p>&nbsp;<\/p>\n<p><em>Bras\u00edlia, 16h09min<\/em><\/p>\n","protected":false},"excerpt":{"rendered":"<p>ALESSANDRA AZEVEDO O governo estuda criar al\u00edquotas diferenciadas para contribui\u00e7\u00e3o previdenci\u00e1ria. A ideia \u00e9 que varie de acordo com a remunera\u00e7\u00e3o: quanto maior o sal\u00e1rio, maior a contribui\u00e7\u00e3o. Para o sal\u00e1rio m\u00ednimo, a al\u00edquota cairia de 8% para 7,5%. &nbsp; &#8220;\u00c9 a mesma l\u00f3gica do Imposto de Renda, o que seria muito bom para mostrar [&hellip;]<\/p>\n","protected":false},"author":22,"featured_media":0,"comment_status":"open","ping_status":"closed","sticky":false,"template":"","format":"standard","meta":{"wpb_read_more":[],"footnotes":""},"categories":[600],"tags":[],"class_list":["post-9948","post","type-post","status-publish","format-standard","hentry","category-economia"],"_links":{"self":[{"href":"https:\/\/blogs2.correiobraziliense.com.br\/vicente\/wp-json\/wp\/v2\/posts\/9948","targetHints":{"allow":["GET"]}}],"collection":[{"href":"https:\/\/blogs2.correiobraziliense.com.br\/vicente\/wp-json\/wp\/v2\/posts"}],"about":[{"href":"https:\/\/blogs2.correiobraziliense.com.br\/vicente\/wp-json\/wp\/v2\/types\/post"}],"author":[{"embeddable":true,"href":"https:\/\/blogs2.correiobraziliense.com.br\/vicente\/wp-json\/wp\/v2\/users\/22"}],"replies":[{"embeddable":true,"href":"https:\/\/blogs2.correiobraziliense.com.br\/vicente\/wp-json\/wp\/v2\/comments?post=9948"}],"version-history":[{"count":1,"href":"https:\/\/blogs2.correiobraziliense.com.br\/vicente\/wp-json\/wp\/v2\/posts\/9948\/revisions"}],"predecessor-version":[{"id":9950,"href":"https:\/\/blogs2.correiobraziliense.com.br\/vicente\/wp-json\/wp\/v2\/posts\/9948\/revisions\/9950"}],"wp:attachment":[{"href":"https:\/\/blogs2.correiobraziliense.com.br\/vicente\/wp-json\/wp\/v2\/media?parent=9948"}],"wp:term":[{"taxonomy":"category","embeddable":true,"href":"https:\/\/blogs2.correiobraziliense.com.br\/vicente\/wp-json\/wp\/v2\/categories?post=9948"},{"taxonomy":"post_tag","embeddable":true,"href":"https:\/\/blogs2.correiobraziliense.com.br\/vicente\/wp-json\/wp\/v2\/tags?post=9948"}],"curies":[{"name":"wp","href":"https:\/\/api.w.org\/{rel}","templated":true}]}}